{"id":1021,"date":"2021-03-05T15:20:00","date_gmt":"2021-03-05T15:20:00","guid":{"rendered":"https:\/\/kooperation2020.jonasmelcherson.com\/?p=1021"},"modified":"2021-03-16T06:19:33","modified_gmt":"2021-03-16T06:19:33","slug":"vasentliga-handelser","status":"publish","type":"post","link":"https:\/\/kf.se\/arsredovisning2020\/arsredovisning\/vasentliga-handelser\/","title":{"rendered":"V\u00e4sentliga h\u00e4ndelser"},"content":{"rendered":"\t\t<div data-elementor-type=\"wp-post\" data-elementor-id=\"1021\" class=\"elementor elementor-1021\" data-elementor-settings=\"[]\">\n\t\t\t\t\t\t<div class=\"elementor-inner\">\n\t\t\t\t\t\t\t<div class=\"elementor-section-wrap\">\n\t\t\t\t\t\t\t<section class=\"elementor-section elementor-top-section elementor-element elementor-element-d92d06c elementor-section-boxed elementor-section-height-default elementor-section-height-default\" data-id=\"d92d06c\" data-element_type=\"section\" data-settings=\"{&quot;background_background&quot;:&quot;classic&quot;}\">\n\t\t\t\t\t\t\t<div class=\"elementor-background-overlay\"><\/div>\n\t\t\t\t\t\t\t<div class=\"elementor-container elementor-column-gap-wide\">\n\t\t\t\t\t\t\t<div class=\"elementor-row\">\n\t\t\t\t\t<div class=\"aux-parallax-section elementor-column elementor-col-50 elementor-top-column elementor-element elementor-element-c9fc88d\" data-id=\"c9fc88d\" data-element_type=\"column\">\n\t\t\t<div class=\"elementor-column-wrap elementor-element-populated\">\n\t\t\t\t\t\t\t<div class=\"elementor-widget-wrap\">\n\t\t\t\t\t\t<div class=\"elementor-element elementor-element-864eb34 elementor-drop-cap-yes elementor-drop-cap-view-default elementor-widget elementor-widget-text-editor\" data-id=\"864eb34\" data-element_type=\"widget\" data-settings=\"{&quot;drop_cap&quot;:&quot;yes&quot;}\" data-widget_type=\"text-editor.default\">\n\t\t\t\t<div class=\"elementor-widget-container\">\n\t\t\t\t\t<div class=\"elementor-text-editor elementor-clearfix\"><p>Under det g\u00e5ngna \u00e5ret har pandemin som drabbade Sverige och v\u00e4rlden p\u00e5verkat koncernen i v\u00e4sentlig grad. Effekterna av \u00e4ndrat konsumtions\u00adm\u00f6nster och inf\u00f6rande\u00a0av n\u00f6dv\u00e4ndiga restriktioner i samh\u00e4llet har inneburit stora p\u00e5frestningar f\u00f6r varuf\u00f6rs\u00f6rjning och butiksverksamhet.<\/p><p>I koncernens konferens\u00adverksamhet har i stort sett samtliga f\u00f6retags\u00adkonferenser\u00a0avbokats efter pandemins utbrott med stora omst\u00e4llningar som f\u00f6ljd.<\/p><p>V\u00e5ra medarbetare har genomf\u00f6rt ett enast\u00e5ende arbete f\u00f6r att klara livsmedels\u00adf\u00f6rs\u00f6rjningen och genomf\u00f6ra de omst\u00e4llningar som varit n\u00f6dv\u00e4ndiga i v\u00e5ra verksamheter.\u00a0<\/p><p>2020 har varit ett intensivt \u00e5r och ut\u00f6ver effekter av pandemin kan f\u00f6ljande h\u00e4ndelser i v\u00e5ra dotterbolag n\u00e4mnas:<\/p><\/div>\n\t\t\t\t<\/div>\n\t\t\t\t<\/div>\n\t\t\t\t<div class=\"elementor-element elementor-element-8759d4c elementor-blockquote--skin-quotation elementor-blockquote--align-center elementor-blockquote--button-color-custom elementor-widget elementor-widget-blockquote\" data-id=\"8759d4c\" data-element_type=\"widget\" data-widget_type=\"blockquote.default\">\n\t\t\t\t<div class=\"elementor-widget-container\">\n\t\t\t\t\t<blockquote class=\"elementor-blockquote\">\n\t\t\t<p class=\"elementor-blockquote__content\">\n\t\t\t\tV\u00e5ra medarbetare \nhar genomf\u00f6rt ett enast\u00e5ende arbete f\u00f6r att klara livsmedelsf\u00f6rs\u00f6rjningen och genomf\u00f6ra de omst\u00e4llningar som varit n\u00f6dv\u00e4ndiga i v\u00e5ra verksamheter.\t\t\t<\/p>\n\t\t\t\t\t\t\t<footer>\n\t\t\t\t\t\t\t\t\t\t\t<cite class=\"elementor-blockquote__author\"> <\/cite>\n\t\t\t\t\t\t\t\t\t\t\t\t\t\t<\/footer>\n\t\t\t\t\t<\/blockquote>\n\t\t\t\t<\/div>\n\t\t\t\t<\/div>\n\t\t\t\t\t\t<\/div>\n\t\t\t\t\t<\/div>\n\t\t<\/div>\n\t\t\t\t<div class=\"aux-parallax-section elementor-column elementor-col-50 elementor-top-column elementor-element elementor-element-0d23346\" data-id=\"0d23346\" data-element_type=\"column\">\n\t\t\t<div class=\"elementor-column-wrap elementor-element-populated\">\n\t\t\t\t\t\t\t<div class=\"elementor-widget-wrap\">\n\t\t\t\t\t\t<div class=\"elementor-element elementor-element-b9337e9 elementor-icon-list--layout-traditional elementor-list-item-link-full_width elementor-widget elementor-widget-icon-list\" data-id=\"b9337e9\" data-element_type=\"widget\" data-widget_type=\"icon-list.default\">\n\t\t\t\t<div class=\"elementor-widget-container\">\n\t\t\t\t\t<ul class=\"elementor-icon-list-items\">\n\t\t\t\t\t\t\t<li class=\"elementor-icon-list-item\">\n\t\t\t\t\t\t\t\t\t\t\t<span class=\"elementor-icon-list-icon\">\n\t\t\t\t\t\t\t<i aria-hidden=\"true\" class=\"fas fa-square\"><\/i>\t\t\t\t\t\t<\/span>\n\t\t\t\t\t\t\t\t\t\t<span class=\"elementor-icon-list-text\"><b>Coop Butiker & Stormarknader \u00adavyttrar<\/b> 110 fastigheter som ingick  i Nettof\u00f6rv\u00e4rvet.<\/span>\n\t\t\t\t\t\t\t\t\t<\/li>\n\t\t\t\t\t\t\t\t<li class=\"elementor-icon-list-item\">\n\t\t\t\t\t\t\t\t\t\t\t<span class=\"elementor-icon-list-icon\">\n\t\t\t\t\t\t\t<i aria-hidden=\"true\" class=\"fas fa-square\"><\/i>\t\t\t\t\t\t<\/span>\n\t\t\t\t\t\t\t\t\t\t<span class=\"elementor-icon-list-text\"><b>Coop Logistik beslutar<\/b> att uppf\u00f6ra ett helautomatiserat lager i Eskilstuna f\u00f6r torra och f\u00e4rska varor. <\/span>\n\t\t\t\t\t\t\t\t\t<\/li>\n\t\t\t\t\t\t\t\t<li class=\"elementor-icon-list-item\">\n\t\t\t\t\t\t\t\t\t\t\t<span class=\"elementor-icon-list-icon\">\n\t\t\t\t\t\t\t<i aria-hidden=\"true\" class=\"fas fa-square\"><\/i>\t\t\t\t\t\t<\/span>\n\t\t\t\t\t\t\t\t\t\t<span class=\"elementor-icon-list-text\"><b>Coop Sverige genomf\u00f6r<\/b> en omorganisation som syftar till att effektivisera och kompetensv\u00e4xla.<\/span>\n\t\t\t\t\t\t\t\t\t<\/li>\n\t\t\t\t\t\t\t\t<li class=\"elementor-icon-list-item\">\n\t\t\t\t\t\t\t\t\t\t\t<span class=\"elementor-icon-list-icon\">\n\t\t\t\t\t\t\t<i aria-hidden=\"true\" class=\"fas fa-square\"><\/i>\t\t\t\t\t\t<\/span>\n\t\t\t\t\t\t\t\t\t\t<span class=\"elementor-icon-list-text\"><b>Coop Sverige introducerar<\/b> h\u00e5llbarhetsspindeln och 15\u2009000\u201317\u2009000 varor h\u00e5llbarhetsdeklareras. <\/span>\n\t\t\t\t\t\t\t\t\t<\/li>\n\t\t\t\t\t\t\t\t<li class=\"elementor-icon-list-item\">\n\t\t\t\t\t\t\t\t\t\t\t<span class=\"elementor-icon-list-icon\">\n\t\t\t\t\t\t\t<i aria-hidden=\"true\" class=\"fas fa-square\"><\/i>\t\t\t\t\t\t<\/span>\n\t\t\t\t\t\t\t\t\t\t<span class=\"elementor-icon-list-text\"><b>Coop Sverige lanserar<\/b> betalappen Scan &amp; Pay.<\/span>\n\t\t\t\t\t\t\t\t\t<\/li>\n\t\t\t\t\t\t\t\t<li class=\"elementor-icon-list-item\">\n\t\t\t\t\t\t\t\t\t\t\t<span class=\"elementor-icon-list-icon\">\n\t\t\t\t\t\t\t<i aria-hidden=\"true\" class=\"fas fa-square\"><\/i>\t\t\t\t\t\t<\/span>\n\t\t\t\t\t\t\t\t\t\t<span class=\"elementor-icon-list-text\"><b>Coop Butiker & Stormarknader \u00adavyttrar<\/b> 76 omst\u00e4llda Nettobutiker till konsumentf\u00f6reningar.<\/span>\n\t\t\t\t\t\t\t\t\t<\/li>\n\t\t\t\t\t\t\t\t<li class=\"elementor-icon-list-item\">\n\t\t\t\t\t\t\t\t\t\t\t<span class=\"elementor-icon-list-icon\">\n\t\t\t\t\t\t\t<i aria-hidden=\"true\" class=\"fas fa-square\"><\/i>\t\t\t\t\t\t<\/span>\n\t\t\t\t\t\t\t\t\t\t<span class=\"elementor-icon-list-text\"><b>MedMera Bank lanserar<\/b> nytt sparkonto f\u00f6r privatpersoner.<\/span>\n\t\t\t\t\t\t\t\t\t<\/li>\n\t\t\t\t\t\t\t\t<li class=\"elementor-icon-list-item\">\n\t\t\t\t\t\t\t\t\t\t\t<span class=\"elementor-icon-list-icon\">\n\t\t\t\t\t\t\t<i aria-hidden=\"true\" class=\"fas fa-square\"><\/i>\t\t\t\t\t\t<\/span>\n\t\t\t\t\t\t\t\t\t\t<span class=\"elementor-icon-list-text\"><b>KF Fastigheter avyttrar<\/b> k\u00f6pcentret i Nyn\u00e4shamn.<\/span>\n\t\t\t\t\t\t\t\t\t<\/li>\n\t\t\t\t\t\t\t\t<li class=\"elementor-icon-list-item\">\n\t\t\t\t\t\t\t\t\t\t\t<span class=\"elementor-icon-list-icon\">\n\t\t\t\t\t\t\t<i aria-hidden=\"true\" class=\"fas fa-square\"><\/i>\t\t\t\t\t\t<\/span>\n\t\t\t\t\t\t\t\t\t\t<span class=\"elementor-icon-list-text\"><b>Vi Media f\u00e4rdigst\u00e4ller<\/b> digitaliseringsprojekten och kommer in p\u00e5 IDG:s topp 100-lista med vi.se.<\/span>\n\t\t\t\t\t\t\t\t\t<\/li>\n\t\t\t\t\t\t\t\t<li class=\"elementor-icon-list-item\">\n\t\t\t\t\t\t\t\t\t\t\t<span class=\"elementor-icon-list-icon\">\n\t\t\t\t\t\t\t<i aria-hidden=\"true\" class=\"fas fa-square\"><\/i>\t\t\t\t\t\t<\/span>\n\t\t\t\t\t\t\t\t\t\t<span class=\"elementor-icon-list-text\"><b>V\u00e5r G\u00e5rd \u00f6ppnar caf\u00e9<\/b> och vinbar och \u00adf\u00e4rdigst\u00e4ller renoveringen av restaurang Sk\u00e4rtofta.<\/span>\n\t\t\t\t\t\t\t\t\t<\/li>\n\t\t\t\t\t\t<\/ul>\n\t\t\t\t<\/div>\n\t\t\t\t<\/div>\n\t\t\t\t\t\t<\/div>\n\t\t\t\t\t<\/div>\n\t\t<\/div>\n\t\t\t\t\t\t\t\t<\/div>\n\t\t\t\t\t<\/div>\n\t\t<\/section>\n\t\t\t\t<section class=\"elementor-section elementor-top-section elementor-element elementor-element-6d1591b elementor-section-boxed elementor-section-height-default elementor-section-height-default\" data-id=\"6d1591b\" data-element_type=\"section\">\n\t\t\t\t\t\t<div class=\"elementor-container elementor-column-gap-default\">\n\t\t\t\t\t\t\t<div class=\"elementor-row\">\n\t\t\t\t\t<div class=\"aux-parallax-section elementor-column elementor-col-50 elementor-top-column elementor-element elementor-element-d4a39be\" data-id=\"d4a39be\" data-element_type=\"column\">\n\t\t\t<div class=\"elementor-column-wrap elementor-element-populated\">\n\t\t\t\t\t\t\t<div class=\"elementor-widget-wrap\">\n\t\t\t\t\t\t<div class=\"elementor-element elementor-element-ad8fa67 elementor-align-left elementor-widget elementor-widget-button\" data-id=\"ad8fa67\" data-element_type=\"widget\" data-widget_type=\"button.default\">\n\t\t\t\t<div class=\"elementor-widget-container\">\n\t\t\t\t\t<div class=\"elementor-button-wrapper\">\n\t\t\t<a href=\"https:\/\/kf.se\/arsredovisning2020\/arsredovisning\/forvaltningsberattelse\/\" class=\"elementor-button-link elementor-button elementor-size-sm\" role=\"button\">\n\t\t\t\t\t\t<span class=\"elementor-button-content-wrapper\">\n\t\t\t\t\t\t<span class=\"elementor-button-icon elementor-align-icon-left\">\n\t\t\t\t<i aria-hidden=\"true\" class=\"fas fa-chevron-left\"><\/i>\t\t\t<\/span>\n\t\t\t\t\t\t<span class=\"elementor-button-text\">Verksamheten<\/span>\n\t\t<\/span>\n\t\t\t\t\t<\/a>\n\t\t<\/div>\n\t\t\t\t<\/div>\n\t\t\t\t<\/div>\n\t\t\t\t\t\t<\/div>\n\t\t\t\t\t<\/div>\n\t\t<\/div>\n\t\t\t\t<div class=\"aux-parallax-section elementor-column elementor-col-50 elementor-top-column elementor-element elementor-element-e820b19\" data-id=\"e820b19\" data-element_type=\"column\">\n\t\t\t<div class=\"elementor-column-wrap elementor-element-populated\">\n\t\t\t\t\t\t\t<div class=\"elementor-widget-wrap\">\n\t\t\t\t\t\t<div class=\"elementor-element elementor-element-e272b2a elementor-align-right elementor-widget elementor-widget-button\" data-id=\"e272b2a\" data-element_type=\"widget\" data-widget_type=\"button.default\">\n\t\t\t\t<div class=\"elementor-widget-container\">\n\t\t\t\t\t<div class=\"elementor-button-wrapper\">\n\t\t\t<a href=\"https:\/\/kf.se\/arsredovisning2020\/arsredovisning\/koncernens-resultatrakning\/\" class=\"elementor-button-link elementor-button elementor-size-sm\" role=\"button\">\n\t\t\t\t\t\t<span class=\"elementor-button-content-wrapper\">\n\t\t\t\t\t\t<span class=\"elementor-button-icon elementor-align-icon-right\">\n\t\t\t\t<i aria-hidden=\"true\" class=\"fas fa-chevron-right\"><\/i>\t\t\t<\/span>\n\t\t\t\t\t\t<span class=\"elementor-button-text\">Resultatutveckling, koncernen<\/span>\n\t\t<\/span>\n\t\t\t\t\t<\/a>\n\t\t<\/div>\n\t\t\t\t<\/div>\n\t\t\t\t<\/div>\n\t\t\t\t\t\t<\/div>\n\t\t\t\t\t<\/div>\n\t\t<\/div>\n\t\t\t\t\t\t\t\t<\/div>\n\t\t\t\t\t<\/div>\n\t\t<\/section>\n\t\t\t\t\t\t<\/div>\n\t\t\t\t\t\t<\/div>\n\t\t\t\t\t<\/div>\n\t\t","protected":false},"excerpt":{"rendered":"<p>Under det g\u00e5ngna \u00e5ret har pandemin som drabbade Sverige och v\u00e4rlden p\u00e5verkat koncernen i v\u00e4sentlig grad. Effekterna av \u00e4ndrat konsumtions\u00adm\u00f6nster och inf\u00f6rande av n\u00f6dv\u00e4ndiga restriktioner i samh\u00e4llet har inneburit stora p\u00e5frestningar f\u00f6r varuf\u00f6rs\u00f6rjning och butiksverksamhet.  koncernens konferens\u00adverksamhet har i stort sett samtliga f\u00f6retags\u00adkonferenser avbokats efter pandemins utbrott med stora omst\u00e4llningar som f\u00f6ljd. <\/p>\n","protected":false},"author":1,"featured_media":0,"comment_status":"open","ping_status":"open","sticky":false,"template":"","format":"standard","meta":[],"categories":[1],"tags":[22],"_links":{"self":[{"href":"https:\/\/kf.se\/arsredovisning2020\/wp-json\/wp\/v2\/posts\/1021"}],"collection":[{"href":"https:\/\/kf.se\/arsredovisning2020\/wp-json\/wp\/v2\/posts"}],"about":[{"href":"https:\/\/kf.se\/arsredovisning2020\/wp-json\/wp\/v2\/types\/post"}],"author":[{"embeddable":true,"href":"https:\/\/kf.se\/arsredovisning2020\/wp-json\/wp\/v2\/users\/1"}],"replies":[{"embeddable":true,"href":"https:\/\/kf.se\/arsredovisning2020\/wp-json\/wp\/v2\/comments?post=1021"}],"version-history":[{"count":78,"href":"https:\/\/kf.se\/arsredovisning2020\/wp-json\/wp\/v2\/posts\/1021\/revisions"}],"predecessor-version":[{"id":9957,"href":"https:\/\/kf.se\/arsredovisning2020\/wp-json\/wp\/v2\/posts\/1021\/revisions\/9957"}],"wp:attachment":[{"href":"https:\/\/kf.se\/arsredovisning2020\/wp-json\/wp\/v2\/media?parent=1021"}],"wp:term":[{"taxonomy":"category","embeddable":true,"href":"https:\/\/kf.se\/arsredovisning2020\/wp-json\/wp\/v2\/categories?post=1021"},{"taxonomy":"post_tag","embeddable":true,"href":"https:\/\/kf.se\/arsredovisning2020\/wp-json\/wp\/v2\/tags?post=1021"}],"curies":[{"name":"wp","href":"https:\/\/api.w.org\/{rel}","templated":true}]}}