{"id":1313,"date":"2021-02-16T08:08:12","date_gmt":"2021-02-16T08:08:12","guid":{"rendered":"https:\/\/kooperation2020.jonasmelcherson.com\/?p=1313"},"modified":"2021-03-16T06:42:29","modified_gmt":"2021-03-16T06:42:29","slug":"arets-medarbetare","status":"publish","type":"post","link":"https:\/\/kf.se\/arsredovisning2020\/arsberattelser\/arets-medarbetare\/","title":{"rendered":"\u00c5rets medarbetare \u2013 Tillsammans skapar de ett starkare KF\u200b"},"content":{"rendered":"\t\t<div data-elementor-type=\"wp-post\" data-elementor-id=\"1313\" class=\"elementor elementor-1313\" data-elementor-settings=\"[]\">\n\t\t\t\t\t\t<div class=\"elementor-inner\">\n\t\t\t\t\t\t\t<div class=\"elementor-section-wrap\">\n\t\t\t\t\t\t\t<section class=\"elementor-section elementor-top-section elementor-element elementor-element-b5e6373 elementor-section-stretched elementor-section-height-min-height elementor-section-items-bottom elementor-section-boxed elementor-section-height-default\" data-id=\"b5e6373\" data-element_type=\"section\" data-settings=\"{&quot;stretch_section&quot;:&quot;section-stretched&quot;,&quot;background_background&quot;:&quot;classic&quot;}\">\n\t\t\t\t\t\t<div class=\"elementor-container elementor-column-gap-default\">\n\t\t\t\t\t\t\t<div class=\"elementor-row\">\n\t\t\t\t\t<div class=\"aux-parallax-section elementor-column elementor-col-100 elementor-top-column elementor-element elementor-element-9e9e1b8\" data-id=\"9e9e1b8\" data-element_type=\"column\">\n\t\t\t<div class=\"elementor-column-wrap elementor-element-populated\">\n\t\t\t\t\t\t\t<div class=\"elementor-widget-wrap\">\n\t\t\t\t\t\t<div class=\"elementor-element elementor-element-7660b24 elementor-widget-mobile__width-initial elementor-widget__width-auto elementor-widget elementor-widget-image\" data-id=\"7660b24\" data-element_type=\"widget\" data-settings=\"{&quot;motion_fx_motion_fx_scrolling&quot;:&quot;yes&quot;,&quot;motion_fx_translateY_effect&quot;:&quot;yes&quot;,&quot;motion_fx_translateY_speed&quot;:{&quot;unit&quot;:&quot;px&quot;,&quot;size&quot;:2.2,&quot;sizes&quot;:[]},&quot;motion_fx_opacity_effect&quot;:&quot;yes&quot;,&quot;motion_fx_opacity_direction&quot;:&quot;out-in-out&quot;,&quot;motion_fx_opacity_level&quot;:{&quot;unit&quot;:&quot;px&quot;,&quot;size&quot;:4.9,&quot;sizes&quot;:[]},&quot;motion_fx_translateY_affectedRange&quot;:{&quot;unit&quot;:&quot;%&quot;,&quot;size&quot;:&quot;&quot;,&quot;sizes&quot;:{&quot;start&quot;:0,&quot;end&quot;:100}},&quot;motion_fx_opacity_range&quot;:{&quot;unit&quot;:&quot;%&quot;,&quot;size&quot;:&quot;&quot;,&quot;sizes&quot;:{&quot;start&quot;:20,&quot;end&quot;:80}},&quot;motion_fx_devices&quot;:[&quot;desktop&quot;,&quot;tablet&quot;,&quot;mobile&quot;]}\" data-widget_type=\"image.default\">\n\t\t\t\t<div class=\"elementor-widget-container\">\n\t\t\t\t\t<div class=\"elementor-image\">\n\t\t\t\t\t\t\t\t\t\t\t<a href=\"#helena\">\n\t\t\t\t\t\t\t<img width=\"572\" height=\"572\" src=\"https:\/\/kf.se\/arsredovisning2020\/wp-content\/uploads\/2020\/02\/Helene2-kvadrat-portratt.jpg\" class=\"attachment-full size-full\" alt=\"\" loading=\"lazy\" \/>\t\t\t\t\t\t\t\t<\/a>\n\t\t\t\t\t\t\t\t\t\t\t<\/div>\n\t\t\t\t<\/div>\n\t\t\t\t<\/div>\n\t\t\t\t<div class=\"elementor-element elementor-element-f91c741 elementor-widget-mobile__width-initial elementor-widget__width-auto elementor-widget elementor-widget-image\" data-id=\"f91c741\" data-element_type=\"widget\" data-settings=\"{&quot;motion_fx_motion_fx_scrolling&quot;:&quot;yes&quot;,&quot;motion_fx_translateY_effect&quot;:&quot;yes&quot;,&quot;motion_fx_translateY_speed&quot;:{&quot;unit&quot;:&quot;px&quot;,&quot;size&quot;:5.7,&quot;sizes&quot;:[]},&quot;motion_fx_opacity_effect&quot;:&quot;yes&quot;,&quot;motion_fx_opacity_direction&quot;:&quot;out-in-out&quot;,&quot;motion_fx_translateY_affectedRange&quot;:{&quot;unit&quot;:&quot;%&quot;,&quot;size&quot;:&quot;&quot;,&quot;sizes&quot;:{&quot;start&quot;:0,&quot;end&quot;:100}},&quot;motion_fx_opacity_level&quot;:{&quot;unit&quot;:&quot;px&quot;,&quot;size&quot;:10,&quot;sizes&quot;:[]},&quot;motion_fx_opacity_range&quot;:{&quot;unit&quot;:&quot;%&quot;,&quot;size&quot;:&quot;&quot;,&quot;sizes&quot;:{&quot;start&quot;:20,&quot;end&quot;:80}},&quot;motion_fx_devices&quot;:[&quot;desktop&quot;,&quot;tablet&quot;,&quot;mobile&quot;]}\" data-widget_type=\"image.default\">\n\t\t\t\t<div class=\"elementor-widget-container\">\n\t\t\t\t\t<div class=\"elementor-image\">\n\t\t\t\t\t\t\t\t\t\t\t<a href=\"#enrique\">\n\t\t\t\t\t\t\t<img width=\"336\" height=\"336\" src=\"https:\/\/kf.se\/arsredovisning2020\/wp-content\/uploads\/2020\/02\/Enrique3-kvadrat-portratt.jpg\" class=\"attachment-full size-full\" alt=\"\" loading=\"lazy\" \/>\t\t\t\t\t\t\t\t<\/a>\n\t\t\t\t\t\t\t\t\t\t\t<\/div>\n\t\t\t\t<\/div>\n\t\t\t\t<\/div>\n\t\t\t\t<div class=\"elementor-element elementor-element-6a81dd5 elementor-widget-mobile__width-initial elementor-widget__width-auto elementor-widget elementor-widget-image\" data-id=\"6a81dd5\" data-element_type=\"widget\" data-settings=\"{&quot;motion_fx_motion_fx_scrolling&quot;:&quot;yes&quot;,&quot;motion_fx_translateY_effect&quot;:&quot;yes&quot;,&quot;motion_fx_translateY_direction&quot;:&quot;negative&quot;,&quot;motion_fx_translateY_speed&quot;:{&quot;unit&quot;:&quot;px&quot;,&quot;size&quot;:0.3,&quot;sizes&quot;:[]},&quot;motion_fx_opacity_effect&quot;:&quot;yes&quot;,&quot;motion_fx_opacity_direction&quot;:&quot;out-in-out&quot;,&quot;motion_fx_translateY_affectedRange&quot;:{&quot;unit&quot;:&quot;%&quot;,&quot;size&quot;:&quot;&quot;,&quot;sizes&quot;:{&quot;start&quot;:0,&quot;end&quot;:100}},&quot;motion_fx_opacity_level&quot;:{&quot;unit&quot;:&quot;px&quot;,&quot;size&quot;:10,&quot;sizes&quot;:[]},&quot;motion_fx_opacity_range&quot;:{&quot;unit&quot;:&quot;%&quot;,&quot;size&quot;:&quot;&quot;,&quot;sizes&quot;:{&quot;start&quot;:20,&quot;end&quot;:80}},&quot;motion_fx_devices&quot;:[&quot;desktop&quot;,&quot;tablet&quot;,&quot;mobile&quot;]}\" data-widget_type=\"image.default\">\n\t\t\t\t<div class=\"elementor-widget-container\">\n\t\t\t\t\t<div class=\"elementor-image\">\n\t\t\t\t\t\t\t\t\t\t\t<a href=\"#susanna\">\n\t\t\t\t\t\t\t<img width=\"296\" height=\"296\" src=\"https:\/\/kf.se\/arsredovisning2020\/wp-content\/uploads\/2020\/02\/Susanna1-kvadrat-portratt.jpg\" class=\"attachment-full size-full\" alt=\"\" loading=\"lazy\" \/>\t\t\t\t\t\t\t\t<\/a>\n\t\t\t\t\t\t\t\t\t\t\t<\/div>\n\t\t\t\t<\/div>\n\t\t\t\t<\/div>\n\t\t\t\t<div class=\"elementor-element elementor-element-f96d284 elementor-widget-mobile__width-initial elementor-widget__width-auto elementor-widget elementor-widget-image\" data-id=\"f96d284\" data-element_type=\"widget\" data-settings=\"{&quot;motion_fx_motion_fx_scrolling&quot;:&quot;yes&quot;,&quot;motion_fx_translateY_effect&quot;:&quot;yes&quot;,&quot;motion_fx_translateY_speed&quot;:{&quot;unit&quot;:&quot;px&quot;,&quot;size&quot;:3,&quot;sizes&quot;:[]},&quot;motion_fx_opacity_effect&quot;:&quot;yes&quot;,&quot;motion_fx_opacity_direction&quot;:&quot;out-in-out&quot;,&quot;motion_fx_translateY_affectedRange&quot;:{&quot;unit&quot;:&quot;%&quot;,&quot;size&quot;:&quot;&quot;,&quot;sizes&quot;:{&quot;start&quot;:0,&quot;end&quot;:100}},&quot;motion_fx_opacity_level&quot;:{&quot;unit&quot;:&quot;px&quot;,&quot;size&quot;:10,&quot;sizes&quot;:[]},&quot;motion_fx_opacity_range&quot;:{&quot;unit&quot;:&quot;%&quot;,&quot;size&quot;:&quot;&quot;,&quot;sizes&quot;:{&quot;start&quot;:20,&quot;end&quot;:80}},&quot;motion_fx_devices&quot;:[&quot;desktop&quot;,&quot;tablet&quot;,&quot;mobile&quot;]}\" data-widget_type=\"image.default\">\n\t\t\t\t<div class=\"elementor-widget-container\">\n\t\t\t\t\t<div class=\"elementor-image\">\n\t\t\t\t\t\t\t\t\t\t\t<a href=\"#peter\">\n\t\t\t\t\t\t\t<img width=\"248\" height=\"248\" src=\"https:\/\/kf.se\/arsredovisning2020\/wp-content\/uploads\/2020\/02\/Peter_Ljung-kvadrat-portratt.jpg\" class=\"attachment-full size-full\" alt=\"\" loading=\"lazy\" \/>\t\t\t\t\t\t\t\t<\/a>\n\t\t\t\t\t\t\t\t\t\t\t<\/div>\n\t\t\t\t<\/div>\n\t\t\t\t<\/div>\n\t\t\t\t<div class=\"elementor-element elementor-element-f10599f elementor-widget-mobile__width-initial elementor-widget__width-auto elementor-widget elementor-widget-image\" data-id=\"f10599f\" data-element_type=\"widget\" data-settings=\"{&quot;motion_fx_motion_fx_scrolling&quot;:&quot;yes&quot;,&quot;motion_fx_translateY_effect&quot;:&quot;yes&quot;,&quot;motion_fx_translateY_direction&quot;:&quot;negative&quot;,&quot;motion_fx_translateY_speed&quot;:{&quot;unit&quot;:&quot;px&quot;,&quot;size&quot;:0.9,&quot;sizes&quot;:[]},&quot;motion_fx_opacity_effect&quot;:&quot;yes&quot;,&quot;motion_fx_opacity_direction&quot;:&quot;out-in-out&quot;,&quot;motion_fx_translateY_affectedRange&quot;:{&quot;unit&quot;:&quot;%&quot;,&quot;size&quot;:&quot;&quot;,&quot;sizes&quot;:{&quot;start&quot;:0,&quot;end&quot;:100}},&quot;motion_fx_opacity_level&quot;:{&quot;unit&quot;:&quot;px&quot;,&quot;size&quot;:10,&quot;sizes&quot;:[]},&quot;motion_fx_opacity_range&quot;:{&quot;unit&quot;:&quot;%&quot;,&quot;size&quot;:&quot;&quot;,&quot;sizes&quot;:{&quot;start&quot;:20,&quot;end&quot;:80}},&quot;motion_fx_devices&quot;:[&quot;desktop&quot;,&quot;tablet&quot;,&quot;mobile&quot;]}\" data-widget_type=\"image.default\">\n\t\t\t\t<div class=\"elementor-widget-container\">\n\t\t\t\t\t<div class=\"elementor-image\">\n\t\t\t\t\t\t\t\t\t\t\t<a href=\"#sofia\">\n\t\t\t\t\t\t\t<img width=\"497\" height=\"496\" src=\"https:\/\/kf.se\/arsredovisning2020\/wp-content\/uploads\/2020\/02\/Sofia1-kvadrat-portratt.jpg\" class=\"attachment-full size-full\" alt=\"\" loading=\"lazy\" \/>\t\t\t\t\t\t\t\t<\/a>\n\t\t\t\t\t\t\t\t\t\t\t<\/div>\n\t\t\t\t<\/div>\n\t\t\t\t<\/div>\n\t\t\t\t\t\t<\/div>\n\t\t\t\t\t<\/div>\n\t\t<\/div>\n\t\t\t\t\t\t\t\t<\/div>\n\t\t\t\t\t<\/div>\n\t\t<\/section>\n\t\t\t\t<section class=\"elementor-section elementor-top-section elementor-element elementor-element-6b5e97d elementor-section-boxed elementor-section-height-default elementor-section-height-default\" data-id=\"6b5e97d\" data-element_type=\"section\" data-settings=\"{&quot;background_background&quot;:&quot;classic&quot;}\">\n\t\t\t\t\t\t<div class=\"elementor-container elementor-column-gap-wide\">\n\t\t\t\t\t\t\t<div class=\"elementor-row\">\n\t\t\t\t\t<div class=\"aux-parallax-section elementor-column elementor-col-50 elementor-top-column elementor-element elementor-element-7e41a87\" data-id=\"7e41a87\" data-element_type=\"column\">\n\t\t\t<div class=\"elementor-column-wrap elementor-element-populated\">\n\t\t\t\t\t\t\t<div class=\"elementor-widget-wrap\">\n\t\t\t\t\t\t<div class=\"elementor-element elementor-element-32cefe0 aux-appear-watch-animation aux-zoom-in elementor-widget elementor-widget-heading\" data-id=\"32cefe0\" data-element_type=\"widget\" data-widget_type=\"heading.default\">\n\t\t\t\t<div class=\"elementor-widget-container\">\n\t\t\t<h4 class=\"elementor-heading-title elementor-size-default\">\u00c5rets Medarbetare<\/h4>\t\t<\/div>\n\t\t\t\t<\/div>\n\t\t\t\t<div class=\"elementor-element elementor-element-5ab94f1 aux-appear-watch-animation aux-fade-in-left-2 elementor-widget elementor-widget-heading\" data-id=\"5ab94f1\" data-element_type=\"widget\" data-widget_type=\"heading.default\">\n\t\t\t\t<div class=\"elementor-widget-container\">\n\t\t\t<h1 class=\"elementor-heading-title elementor-size-default\">Tillsammans<\/h1>\t\t<\/div>\n\t\t\t\t<\/div>\n\t\t\t\t<div class=\"elementor-element elementor-element-2732f82 aux-appear-watch-animation aux-fade-in-left-2 elementor-widget elementor-widget-heading\" data-id=\"2732f82\" data-element_type=\"widget\" data-widget_type=\"heading.default\">\n\t\t\t\t<div class=\"elementor-widget-container\">\n\t\t\t<h1 class=\"elementor-heading-title elementor-size-default\">skapar de ett starkare KF<\/h1>\t\t<\/div>\n\t\t\t\t<\/div>\n\t\t\t\t\t\t<\/div>\n\t\t\t\t\t<\/div>\n\t\t<\/div>\n\t\t\t\t<div class=\"aux-parallax-section elementor-column elementor-col-50 elementor-top-column elementor-element elementor-element-01bc7d2\" data-id=\"01bc7d2\" data-element_type=\"column\">\n\t\t\t<div class=\"elementor-column-wrap elementor-element-populated\">\n\t\t\t\t\t\t\t<div class=\"elementor-widget-wrap\">\n\t\t\t\t\t\t<div class=\"elementor-element elementor-element-2b3b025 ingressB elementor-widget elementor-widget-text-editor\" data-id=\"2b3b025\" data-element_type=\"widget\" data-widget_type=\"text-editor.default\">\n\t\t\t\t<div class=\"elementor-widget-container\">\n\t\t\t\t\t<div class=\"elementor-text-editor elementor-clearfix\"><p>Kvalitetsstrategen <strong><a href=\"#sofia\">SOFIA\u00a0<\/a><\/strong>hj\u00e4lper Coops butiker att h\u00e5lla r\u00e4tt temperatur i frysarna. Ekonomichefen. <a href=\"#helene\"><strong>HELENE\u00a0<\/strong><\/a>har varit med om att st\u00e4lla om fyra Nettobutiker i veckan och f\u00f6rvaltningsledaren<span class=\"Apple-converted-space\">\u00a0<\/span>\u00a0\u2013 <a href=\"#enrique\"><strong>ENRIQUE <\/strong><\/a>tycker om att ta projekt i m\u00e5l. Upplageansvariga<span class=\"Apple-converted-space\">\u00a0<\/span>\u00a0<a href=\"http:\/\/Hej #susanna\" data-wplink-url-error=\"true\"><strong>SUSANNA <\/strong><\/a>\u00e4lskar dialogen med l\u00e4sarna och seniore r\u00e5dgivaren\u00a0<a href=\"#peter\"><strong>PETER <\/strong><\/a>kallar sig allt i allo. En sak har de gemensamt: Tillsammans med sina kollegor har de under ett pr\u00f6vande \u00e5r bidragit till ett h\u00e5llbart och mer l\u00f6nsamt KF.<\/p><\/div>\n\t\t\t\t<\/div>\n\t\t\t\t<\/div>\n\t\t\t\t<div class=\"elementor-element elementor-element-260024a elementor-widget elementor-widget-text-editor\" data-id=\"260024a\" data-element_type=\"widget\" data-widget_type=\"text-editor.default\">\n\t\t\t\t<div class=\"elementor-widget-container\">\n\t\t\t\t\t<div class=\"elementor-text-editor elementor-clearfix\"><p>texter\u00a0 <em>HENRIK EKBLOM YST\u00c9N\u00a0<\/em><\/p><p><em>foto\u00a0<\/em><i>THRON ULLBERG<\/i><\/p><\/div>\n\t\t\t\t<\/div>\n\t\t\t\t<\/div>\n\t\t\t\t\t\t<\/div>\n\t\t\t\t\t<\/div>\n\t\t<\/div>\n\t\t\t\t\t\t\t\t<\/div>\n\t\t\t\t\t<\/div>\n\t\t<\/section>\n\t\t\t\t<section class=\"elementor-section elementor-top-section elementor-element elementor-element-d8ca750 elementor-section-full_width elementor-section-stretched elementor-section-height-default elementor-section-height-default\" data-id=\"d8ca750\" data-element_type=\"section\" data-settings=\"{&quot;stretch_section&quot;:&quot;section-stretched&quot;}\">\n\t\t\t\t\t\t<div class=\"elementor-container elementor-column-gap-wider\">\n\t\t\t\t\t\t\t<div class=\"elementor-row\">\n\t\t\t\t\t<article class=\"aux-parallax-section elementor-column elementor-col-100 elementor-top-column elementor-element elementor-element-ff7a99b\" data-id=\"ff7a99b\" data-element_type=\"column\">\n\t\t\t<div class=\"elementor-column-wrap elementor-element-populated\">\n\t\t\t\t\t\t\t<div class=\"elementor-widget-wrap\">\n\t\t\t\t\t\t<section class=\"elementor-section elementor-inner-section elementor-element elementor-element-a4b4f50 elementor-section-full_width elementor-section-height-default elementor-section-height-default\" data-id=\"a4b4f50\" data-element_type=\"section\">\n\t\t\t\t\t\t<div class=\"elementor-container elementor-column-gap-wide\">\n\t\t\t\t\t\t\t<div class=\"elementor-row\">\n\t\t\t\t\t<div class=\"aux-parallax-section elementor-column elementor-col-66 elementor-inner-column elementor-element elementor-element-a302a8c\" data-id=\"a302a8c\" data-element_type=\"column\" data-settings=\"{&quot;background_background&quot;:&quot;classic&quot;}\">\n\t\t\t<div class=\"elementor-column-wrap elementor-element-populated\">\n\t\t\t\t\t\t\t<div class=\"elementor-widget-wrap\">\n\t\t\t\t\t\t<div class=\"elementor-element elementor-element-71897c7 fakta aux-appear-watch-animation aux-fade-in elementor-widget elementor-widget-text-editor\" data-id=\"71897c7\" data-element_type=\"widget\" data-widget_type=\"text-editor.default\">\n\t\t\t\t<div class=\"elementor-widget-container\">\n\t\t\t\t\t<div class=\"elementor-text-editor elementor-clearfix\"><h3>\u201dCoops doktor\u201d<\/h3><p><strong>\u00c5LDER:<\/strong><span style=\"background-color: var( --e-global-color-28035a53 );\"> 41<\/span><\/p><p><strong>FAMILJ:<\/strong> Man och tv\u00e5 barn, tre h\u00e4star och tv\u00e5 katter.<\/p><p><strong>BOR:\u00a0<\/strong>P\u00e5 g\u00e5rd utanf\u00f6r Nyk\u00f6ping.<\/p><p><strong>BAKGRUND:\u00a0<\/strong>Har disputerat i livsmedelsvetenskap p\u00e5 Sveriges lantbruksuniversitet, d\u00e4r hon ocks\u00e5 forskat. Jobbade 2013\u20132016 som livsmedelsinspekt\u00f6r i Nyk\u00f6pings kommun. Sedan 2016 anst\u00e4lld p\u00e5 Coop som kvalitetsstrateg, internt kallad \u201dCoops doktor\u201d.<span class=\"Apple-converted-space\">\u00a0<\/span><\/p><p><strong>INTRESSEN:\u00a0<\/strong>Ridning \u2026 och lite mer ridning.<span class=\"Apple-converted-space\">\u00a0<\/span><\/p><\/div>\n\t\t\t\t<\/div>\n\t\t\t\t<\/div>\n\t\t\t\t\t\t<\/div>\n\t\t\t\t\t<\/div>\n\t\t<\/div>\n\t\t\t\t<div class=\"aux-parallax-section elementor-column elementor-col-33 elementor-inner-column elementor-element elementor-element-ca2cab7\" data-id=\"ca2cab7\" data-element_type=\"column\">\n\t\t\t<div class=\"elementor-column-wrap elementor-element-populated\">\n\t\t\t\t\t\t\t<div class=\"elementor-widget-wrap\">\n\t\t\t\t\t\t<div class=\"elementor-element elementor-element-4436ef6 elementor-widget elementor-widget-menu-anchor\" data-id=\"4436ef6\" data-element_type=\"widget\" data-widget_type=\"menu-anchor.default\">\n\t\t\t\t<div class=\"elementor-widget-container\">\n\t\t\t\t\t<div id=\"sofia\" class=\"elementor-menu-anchor\"><\/div>\n\t\t\t\t<\/div>\n\t\t\t\t<\/div>\n\t\t\t\t<div class=\"elementor-element elementor-element-71b5f61 elementor-widget elementor-widget-heading\" data-id=\"71b5f61\" data-element_type=\"widget\" data-widget_type=\"heading.default\">\n\t\t\t\t<div class=\"elementor-widget-container\">\n\t\t\t<h2 class=\"elementor-heading-title elementor-size-default\">Sofia Trattner<\/h2>\t\t<\/div>\n\t\t\t\t<\/div>\n\t\t\t\t<div class=\"elementor-element elementor-element-9816af7 elementor-widget elementor-widget-heading\" data-id=\"9816af7\" data-element_type=\"widget\" data-widget_type=\"heading.default\">\n\t\t\t\t<div class=\"elementor-widget-container\">\n\t\t\t<h4 class=\"elementor-heading-title elementor-size-default\">Kvalitetsstrateg Coop Sverige AB<\/h4>\t\t<\/div>\n\t\t\t\t<\/div>\n\t\t\t\t<div class=\"elementor-element elementor-element-cd5f816 elementor-hidden-tablet elementor-hidden-phone elementor-widget-divider--view-line elementor-widget elementor-widget-divider\" data-id=\"cd5f816\" data-element_type=\"widget\" data-widget_type=\"divider.default\">\n\t\t\t\t<div class=\"elementor-widget-container\">\n\t\t\t\t\t<div class=\"elementor-divider\">\n\t\t\t<span class=\"elementor-divider-separator\">\n\t\t\t\t\t\t<\/span>\n\t\t<\/div>\n\t\t\t\t<\/div>\n\t\t\t\t<\/div>\n\t\t\t\t<div class=\"elementor-element elementor-element-308417b elementor-widget elementor-widget-text-editor\" data-id=\"308417b\" data-element_type=\"widget\" data-widget_type=\"text-editor.default\">\n\t\t\t\t<div class=\"elementor-widget-container\">\n\t\t\t\t\t<div class=\"elementor-text-editor elementor-clearfix\"><p><b>\u201dSOM KVALITETSSTRATEG<span class=\"Apple-converted-space\">\u00a0<\/span><\/b> ansvarar jag f\u00f6r livsmedels\u00ads\u00e4kerheten p\u00e5 Coop, och ett av mina b\u00e4sta arbetsredskap \u00e4r mobilen. Genom en app kan jag n\u00e4mligen f\u00f6lja hur butikerna\u00a0sk\u00f6ter egen\u00adkontrollen av kvalitetsarbetet. I appen rapporterar de ansvariga i butikerna st\u00e4ndigt vad som sker och n\u00e4r, genom att l\u00f6pande svara p\u00e5 kvalitetsfr\u00e5gor. Det kan handla om alltifr\u00e5n temperaturer i kyl- och frysdiskar, till hur m\u00e4rkning av varor ska se ut f\u00f6r att leva upp till de krav som st\u00e4lls. Tack vare den h\u00e4r appen kan jag centralt f\u00f6lja upp kvalitetsarbetet, och dokumentationen finns st\u00e4ndigt l\u00e4ttillg\u00e4nlig vid till exempel myndighetskontroller.<\/p><p>Mycket h\u00e4nger f\u00f6rst\u00e5s p\u00e5 hur egenkontrollen anv\u00e4nds. En stor del av kompetensen finns hos butikerna sj\u00e4lva, och jag \u00e4r stolt \u00f6ver att det fungerar s\u00e5 v\u00e4l som det g\u00f6r. Avg\u00f6rande \u00e4r alla kvalitets\u00adsamordnare ute i verksamheten. De fungerar som l\u00e4nk mellan kvalitetsavdelningen p\u00e5 CSAB (Coop Sverige AB) och butikerna.<span class=\"Apple-converted-space\">\u00a0<\/span><\/p><p>Kvalitetssamordnarna \u00e4r mycket duktiga p\u00e5 att uppm\u00e4rksamma s\u00e5dant som vi sedan gemensamt kan hitta v\u00e4gar fram\u00e5t i.<\/p><p><span style=\"background-color: var( --e-global-color-6e9cb43 );\">Det \u00e4r mer att t\u00e4nka p\u00e5 n\u00e4r det g\u00e4ller kvalitetsarbete \u00e4n vad kunden generellt tror. Bakom det som tydligg\u00f6rs i egen\u00adkontrollen ligger m\u00e5nga timmars arbete med dokument och struktur.<\/span><\/p><p>Tack vare det arbetet \u00e4r det m\u00f6jligt att f\u00f6rse butikerna med rutiner, instruktioner, faroanalyser och andra mallar som beh\u00f6vs. N\u00e4r jag publicerar information i egen\u00adkontrollen kommer den snabbt ut till alla butiker samtidigt. Egentligen \u00e4r det sj\u00e4lvklart; ju mer som flyter p\u00e5, desto mindre m\u00e4rks arbetet som faktiskt utf\u00f6rs.<span class=\"Apple-converted-space\">\u00a0<\/span><\/p><p>D\u00e4rf\u00f6r \u00e4r jag stolt varje g\u00e5ng vi lyckas. Kvalitetsarbete \u00e4r en f\u00e4rskvara som aldrig f\u00e5r gl\u00f6mmas bort. Genom att f\u00f6lja upp till exempel genomf\u00f6rande\u00adgraden m\u00e4rks resultatet av egen\u00adkontrollarbetet, vilket jag tror \u00e4r viktigt f\u00f6r att h\u00e5lla uppe och driva arbetet. F\u00f6r i slut\u00e4nden vet jag att vinsterna i butikerna \u00e4r stora. Om alla rutiner sitter blir det mer tid \u00f6ver till s\u00e5dant som vi egentligen ska \u00e4gna oss \u00e5t: att erbjuda kunderna bra varor och service.\u201d<\/p><\/div>\n\t\t\t\t<\/div>\n\t\t\t\t<\/div>\n\t\t\t\t<div class=\"elementor-element elementor-element-4d37ea7 elementor-hidden-desktop elementor-widget-divider--view-line elementor-widget elementor-widget-divider\" data-id=\"4d37ea7\" data-element_type=\"widget\" data-widget_type=\"divider.default\">\n\t\t\t\t<div class=\"elementor-widget-container\">\n\t\t\t\t\t<div class=\"elementor-divider\">\n\t\t\t<span class=\"elementor-divider-separator\">\n\t\t\t\t\t\t<\/span>\n\t\t<\/div>\n\t\t\t\t<\/div>\n\t\t\t\t<\/div>\n\t\t\t\t\t\t<\/div>\n\t\t\t\t\t<\/div>\n\t\t<\/div>\n\t\t\t\t\t\t\t\t<\/div>\n\t\t\t\t\t<\/div>\n\t\t<\/section>\n\t\t\t\t<section class=\"elementor-section elementor-inner-section elementor-element elementor-element-5e9b322 elementor-section-full_width elementor-section-height-default elementor-section-height-default\" data-id=\"5e9b322\" data-element_type=\"section\">\n\t\t\t\t\t\t<div class=\"elementor-container elementor-column-gap-wide\">\n\t\t\t\t\t\t\t<div class=\"elementor-row\">\n\t\t\t\t\t<div class=\"aux-parallax-section elementor-column elementor-col-66 elementor-inner-column elementor-element elementor-element-b84680a\" data-id=\"b84680a\" data-element_type=\"column\" data-settings=\"{&quot;background_background&quot;:&quot;classic&quot;}\">\n\t\t\t<div class=\"elementor-column-wrap elementor-element-populated\">\n\t\t\t\t\t\t\t<div class=\"elementor-widget-wrap\">\n\t\t\t\t\t\t<div class=\"elementor-element elementor-element-b2328ba fakta aux-appear-watch-animation aux-fade-in elementor-widget elementor-widget-text-editor\" data-id=\"b2328ba\" data-element_type=\"widget\" data-widget_type=\"text-editor.default\">\n\t\t\t\t<div class=\"elementor-widget-container\">\n\t\t\t\t\t<div class=\"elementor-text-editor elementor-clearfix\"><h3>L\u00e4ngtar efter konserter<\/h3><p><strong>\u00c5LDER:<\/strong> 49 \u00e5r.<\/p><p><strong>BOR:<\/strong> Bromsten, Stockholm.<\/p><p><strong>FAMILJ:\u00a0<\/strong>Man, tv\u00e5 barn 18 och 15 \u00e5r gamla.<\/p><p><strong>BAKGRUND:\u00a0<\/strong>Ekonomichef Purcell System, bytte 2010 till en tj\u00e4nst som kundansvarig p\u00e5 Bokus och \u00e4r sedan dess kvar inom koncernen. Har varit redovisningschef p\u00e5 Coop Sverige AB och \u00e4r sedan 2018 ekonomichef p\u00e5 CBS.<\/p><p><strong>INTRESSEN:\u00a0<\/strong>G\u00e5 p\u00e5 konserter, vilket varit sv\u00e5rt p\u00e5 sistone. Var p\u00e5 Miss Li i mars f\u00f6re pandemiutbrottet, sedan blev det ingenting mer av den varan.<\/p><\/div>\n\t\t\t\t<\/div>\n\t\t\t\t<\/div>\n\t\t\t\t\t\t<\/div>\n\t\t\t\t\t<\/div>\n\t\t<\/div>\n\t\t\t\t<div class=\"aux-parallax-section elementor-column elementor-col-33 elementor-inner-column elementor-element elementor-element-2b78766\" data-id=\"2b78766\" data-element_type=\"column\">\n\t\t\t<div class=\"elementor-column-wrap elementor-element-populated\">\n\t\t\t\t\t\t\t<div class=\"elementor-widget-wrap\">\n\t\t\t\t\t\t<div class=\"elementor-element elementor-element-819eff3 elementor-widget elementor-widget-menu-anchor\" data-id=\"819eff3\" data-element_type=\"widget\" data-widget_type=\"menu-anchor.default\">\n\t\t\t\t<div class=\"elementor-widget-container\">\n\t\t\t\t\t<div id=\"helene\" class=\"elementor-menu-anchor\"><\/div>\n\t\t\t\t<\/div>\n\t\t\t\t<\/div>\n\t\t\t\t<div class=\"elementor-element elementor-element-3d45bc0 elementor-widget elementor-widget-heading\" data-id=\"3d45bc0\" data-element_type=\"widget\" data-widget_type=\"heading.default\">\n\t\t\t\t<div class=\"elementor-widget-container\">\n\t\t\t<h2 class=\"elementor-heading-title elementor-size-default\">Helene Olausson\u200b<\/h2>\t\t<\/div>\n\t\t\t\t<\/div>\n\t\t\t\t<div class=\"elementor-element elementor-element-bcfc2f5 elementor-widget elementor-widget-heading\" data-id=\"bcfc2f5\" data-element_type=\"widget\" data-widget_type=\"heading.default\">\n\t\t\t\t<div class=\"elementor-widget-container\">\n\t\t\t<h4 class=\"elementor-heading-title elementor-size-default\">Ekonomichef CBS\u200b<\/h4>\t\t<\/div>\n\t\t\t\t<\/div>\n\t\t\t\t<div class=\"elementor-element elementor-element-8417ccd elementor-hidden-tablet elementor-hidden-phone elementor-widget-divider--view-line elementor-widget elementor-widget-divider\" data-id=\"8417ccd\" data-element_type=\"widget\" data-widget_type=\"divider.default\">\n\t\t\t\t<div class=\"elementor-widget-container\">\n\t\t\t\t\t<div class=\"elementor-divider\">\n\t\t\t<span class=\"elementor-divider-separator\">\n\t\t\t\t\t\t<\/span>\n\t\t<\/div>\n\t\t\t\t<\/div>\n\t\t\t\t<\/div>\n\t\t\t\t<div class=\"elementor-element elementor-element-2298a56 elementor-widget elementor-widget-text-editor\" data-id=\"2298a56\" data-element_type=\"widget\" data-widget_type=\"text-editor.default\">\n\t\t\t\t<div class=\"elementor-widget-container\">\n\t\t\t\t\t<div class=\"elementor-text-editor elementor-clearfix\"><p><b>\u201dF\u00f6rsta g\u00e5ngen<\/b> jag h\u00f6rde att vi skulle st\u00e4lla om 163 butiker fr\u00e5n Netto till Coop p\u00e5 ett \u00e5r, med ett tempo p\u00e5 fyra butiker i veckan, var jag skeptisk. Tidigare har det ju tagit ett par veckor att bara st\u00e4lla om en butik.<span class=\"Apple-converted-space\">\u00a0<\/span><\/p><p>Men ja, jag \u00e4r glad att s\u00e4ga att jag hade fel, f\u00f6r det blev ju precis s\u00e5.<span class=\"Apple-converted-space\">\u00a0<\/span><\/p><p>Den f\u00f6rsta omst\u00e4llda butiken jag bes\u00f6kte<br \/>var Malmv\u00e4gen i Sollentuna, i september 2019, och det var fascinerade att se hur man p\u00e5 n\u00e5gra f\u00e5 dagar hade f\u00e5tt det s\u00e5 fint. Det slog mig ocks\u00e5 att personalen var positiv och glad \u00f6ver f\u00f6r\u00e4ndringen \u2013 och det gjorde mig stolt \u00f6ver att f\u00e5 vara med p\u00e5 resan. F\u00f6r en resa har det varit.<span class=\"Apple-converted-space\">\u00a0<\/span><\/p><p>Personligen har det varit ett av de tv\u00e5 st\u00f6rsta projekt jag varit med om under mina tio \u00e5r inom KF. F\u00f6r mig har mycket handlat om att flytta all ekonomihantering fr\u00e5n det gamla systemet till det nya, och att vara delaktig i de aff\u00e4rer som skett n\u00e4r ett antal Nettobutiker har s\u00e5lts till andra konsumentf\u00f6reningar, i omr\u00e5den d\u00e4r Coop Butiker och Stormarknader inte har verksamhet.<span class=\"Apple-converted-space\">\u00a0<\/span><\/p><p>Samtidigt har allt detta skett parallellt med det andra st\u00f6rsta projektet jag varit med om under mina \u00e5r h\u00e4r: att st\u00e4lla om v\u00e5ra gamla system till ett nytt SAP-system d\u00e4r alltifr\u00e5n logistik till f\u00f6rs\u00e4ljning integreras. Vi har nu avklarat f\u00f6rsta delen och arbetar med del tv\u00e5 i projektet. N\u00e4r allt \u00e4r p\u00e5 plats har vi ett integrerat aff\u00e4rssystem som ger oss bra f\u00f6ruts\u00e4ttningar att arbeta b\u00e5de enklare och mer effektivt.<span class=\"Apple-converted-space\">\u00a0<\/span><\/p><p>Med detta i \u00e5tanke kan man f\u00f6rst\u00e5s s\u00e4ga att det har varit ett intensivt \u00e5r. Men det har ocks\u00e5 varit ett roligt och vid n\u00e4rmare eftertanke inte s\u00e4rskilt ovanligt \u00e5r. N\u00e4r jag kom in i koncernen 2010 var det som kundansvarig p\u00e5 Bokus, och bara en vecka in p\u00e5 nya jobbet kom besked om att stora delar av ekonomifunktionen skulle <i>outsourcas<\/i>. Eftersom jag blev kvar kan jag s\u00e5 h\u00e4r i efterhand konstatera att det tv\u00e4ra kastet var symtomatiskt. F\u00f6r h\u00e4r h\u00e4nder alltid nya saker och det \u00e4r positivt, f\u00f6r vi r\u00f6r oss stadigt fram\u00e5t mot n\u00e5got b\u00e4ttre.\u201d<\/p><\/div>\n\t\t\t\t<\/div>\n\t\t\t\t<\/div>\n\t\t\t\t<div class=\"elementor-element elementor-element-14e9a0a elementor-hidden-desktop elementor-widget-divider--view-line elementor-widget elementor-widget-divider\" data-id=\"14e9a0a\" data-element_type=\"widget\" data-widget_type=\"divider.default\">\n\t\t\t\t<div class=\"elementor-widget-container\">\n\t\t\t\t\t<div class=\"elementor-divider\">\n\t\t\t<span class=\"elementor-divider-separator\">\n\t\t\t\t\t\t<\/span>\n\t\t<\/div>\n\t\t\t\t<\/div>\n\t\t\t\t<\/div>\n\t\t\t\t\t\t<\/div>\n\t\t\t\t\t<\/div>\n\t\t<\/div>\n\t\t\t\t\t\t\t\t<\/div>\n\t\t\t\t\t<\/div>\n\t\t<\/section>\n\t\t\t\t<section class=\"elementor-section elementor-inner-section elementor-element elementor-element-495acc4 elementor-section-full_width elementor-section-height-default elementor-section-height-default\" data-id=\"495acc4\" data-element_type=\"section\">\n\t\t\t\t\t\t<div class=\"elementor-container elementor-column-gap-wide\">\n\t\t\t\t\t\t\t<div class=\"elementor-row\">\n\t\t\t\t\t<div class=\"aux-parallax-section elementor-column elementor-col-66 elementor-inner-column elementor-element elementor-element-c2d0556\" data-id=\"c2d0556\" data-element_type=\"column\" data-settings=\"{&quot;background_background&quot;:&quot;classic&quot;}\">\n\t\t\t<div class=\"elementor-column-wrap elementor-element-populated\">\n\t\t\t\t\t\t\t<div class=\"elementor-widget-wrap\">\n\t\t\t\t\t\t<div class=\"elementor-element elementor-element-5449215 fakta aux-appear-watch-animation aux-fade-in elementor-widget elementor-widget-text-editor\" data-id=\"5449215\" data-element_type=\"widget\" data-widget_type=\"text-editor.default\">\n\t\t\t\t<div class=\"elementor-widget-container\">\n\t\t\t\t\t<div class=\"elementor-text-editor elementor-clearfix\"><h3>Kan h\u00e5lla ton<\/h3><p><strong>\u00c5LDER:<\/strong> 40 \u00e5r.<\/p><p><strong>BOR:<\/strong> Uppsala.<\/p><p><strong>FAMILJ:\u00a0<\/strong>Sambo och tv\u00e5 barn, 8 och 5 \u00e5r gamla.<\/p><p><strong>BAKGRUND:<\/strong> Examen i datorvetenskap p\u00e5 Uppsala universitet, arbetade senast som utvecklingschef inom IT, f\u00f6r att 2017 f\u00e5 ett konsultuppdrag som testledare p\u00e5 MedMera Bank AB. Sedan mars 2020 anst\u00e4lld som f\u00f6rvaltningsledare p\u00e5 banken.<\/p><p><strong>INTRESSEN:\u00a0<\/strong>Spela br\u00e4dspel. Samt sjunga karaoke (gick i musikskola i sju \u00e5r och kan d\u00e4rmed h\u00e5lla en ren ton).<\/p><\/div>\n\t\t\t\t<\/div>\n\t\t\t\t<\/div>\n\t\t\t\t\t\t<\/div>\n\t\t\t\t\t<\/div>\n\t\t<\/div>\n\t\t\t\t<div class=\"aux-parallax-section elementor-column elementor-col-33 elementor-inner-column elementor-element elementor-element-edc3f00\" data-id=\"edc3f00\" data-element_type=\"column\">\n\t\t\t<div class=\"elementor-column-wrap elementor-element-populated\">\n\t\t\t\t\t\t\t<div class=\"elementor-widget-wrap\">\n\t\t\t\t\t\t<div class=\"elementor-element elementor-element-ecbeeca elementor-widget elementor-widget-menu-anchor\" data-id=\"ecbeeca\" data-element_type=\"widget\" data-widget_type=\"menu-anchor.default\">\n\t\t\t\t<div class=\"elementor-widget-container\">\n\t\t\t\t\t<div id=\"enrique\" class=\"elementor-menu-anchor\"><\/div>\n\t\t\t\t<\/div>\n\t\t\t\t<\/div>\n\t\t\t\t<div class=\"elementor-element elementor-element-c3d8db6 elementor-widget elementor-widget-heading\" data-id=\"c3d8db6\" data-element_type=\"widget\" data-widget_type=\"heading.default\">\n\t\t\t\t<div class=\"elementor-widget-container\">\n\t\t\t<h2 class=\"elementor-heading-title elementor-size-default\">Enrique Novella<\/h2>\t\t<\/div>\n\t\t\t\t<\/div>\n\t\t\t\t<div class=\"elementor-element elementor-element-94adad7 elementor-widget elementor-widget-heading\" data-id=\"94adad7\" data-element_type=\"widget\" data-widget_type=\"heading.default\">\n\t\t\t\t<div class=\"elementor-widget-container\">\n\t\t\t<h4 class=\"elementor-heading-title elementor-size-default\">F\u00f6rvaltningsledare MedMera Bank\u200b<\/h4>\t\t<\/div>\n\t\t\t\t<\/div>\n\t\t\t\t<div class=\"elementor-element elementor-element-972d953 elementor-hidden-tablet elementor-hidden-phone elementor-widget-divider--view-line elementor-widget elementor-widget-divider\" data-id=\"972d953\" data-element_type=\"widget\" data-widget_type=\"divider.default\">\n\t\t\t\t<div class=\"elementor-widget-container\">\n\t\t\t\t\t<div class=\"elementor-divider\">\n\t\t\t<span class=\"elementor-divider-separator\">\n\t\t\t\t\t\t<\/span>\n\t\t<\/div>\n\t\t\t\t<\/div>\n\t\t\t\t<\/div>\n\t\t\t\t<div class=\"elementor-element elementor-element-c0b2b6a elementor-widget elementor-widget-text-editor\" data-id=\"c0b2b6a\" data-element_type=\"widget\" data-widget_type=\"text-editor.default\">\n\t\t\t\t<div class=\"elementor-widget-container\">\n\t\t\t\t\t<div class=\"elementor-text-editor elementor-clearfix\"><p><b>\u201dJag brukar s\u00e4ga <\/b>att jag \u00e4r en s\u00e5 kallad <i>completionist<\/i>, ett vanligt begrepp bland <i>gamers<\/i> som inneb\u00e4r att man alltid vill slutf\u00f6ra alla delar i ett spel. N\u00e4r jag var ung och spelade var det enkelt; jag kunde best\u00e4mma mig f\u00f6r att klara hela Kid Icarus p\u00e5 Nintendo 8-bitars \u2013 och sedan bara g\u00f6ra det. I yrkeslivet i dag \u00e4r det sv\u00e5rare; vi lever i en l\u00e4ttr\u00f6rlig och f\u00f6r\u00e4nderlig v\u00e4rld, och jag blir ofta varse att n\u00e4r m\u00e5nga andra anser ett projekt vara klart, s\u00e5 tycker jag att det riktiga jobbet med att f\u00e4rdigst\u00e4lla b\u00f6rjar.<\/p>\n<p>\u00c5 andra sidan \u00e4r det nog en nyttig egenskap i rollen som jag har. Som f\u00f6rvaltningsledare ansvarar jag f\u00f6r allt egenutvecklat p\u00e5 banken, och det inneb\u00e4r att jag ska s\u00e4kerst\u00e4lla att det fungerar som t\u00e4nkt i detta stora komplexa ekosystem som en bank av i dag utg\u00f6r. F\u00f6r att en kund ska kunna utf\u00f6ra ett enkelt \u00e4rende kr\u00e4vs att en rad IT-system samverkar. Det \u00e4r inte alltid en enkel n\u00f6t att kn\u00e4cka.<span class=\"Apple-converted-space\">&nbsp;<\/span><\/p>\n<p>Under 2020 tog vi dock stora kliv i och med den nya kundportal som lanserades i april. N\u00e4r kunder tidigare ville \u00f6ppna ett konto fick de f\u00f6rst f\u00f6r hand fylla i ett utskrivet PDF-dokument fr\u00e5n hemsidan, och h\u00e4nvisades sedan \u2013 efter n\u00e5gra turer med vanlig post \u2013 att ringa kundservice f\u00f6r att kunna f\u00f6ra \u00f6ver pengarna, eller kontrollera&nbsp;saldo. Tack vare kundportalen kan allt detta sk\u00f6tas digitalt i st\u00e4llet.<\/p>\n<p>Det har varit fascinerade att se hur l\u00e5ngt vi har f\u00f6rflyttat oss med en t\u00e4mligen liten IT-insats. Dessutom skedde det under en pr\u00f6vande tid; projektet sj\u00f6sattes ganska exakt n\u00e4r pandemin br\u00f6t ut, vilket tvingade oss att bli digitala med idel m\u00f6ten p\u00e5 distans. Det gick \u00f6ver f\u00f6rv\u00e4ntan, liksom resultatet n\u00e4r allt var ig\u00e5ng. Bara en dryg m\u00e5nad efter att kundportalen lanserades hade vi uppn\u00e5tt hela den \u00e5rsbudget som satts upp.<span class=\"Apple-converted-space\">&nbsp;<\/span><\/p>\n<p>Jag \u00e4r stolt \u00f6ver resan, men ocks\u00e5 f\u00f6rvissad om att det finns fler kliv att ta och mer att utveckla. Som alltid.\u201d<\/p><\/div>\n\t\t\t\t<\/div>\n\t\t\t\t<\/div>\n\t\t\t\t<div class=\"elementor-element elementor-element-7fa17f5 elementor-hidden-desktop elementor-widget-divider--view-line elementor-widget elementor-widget-divider\" data-id=\"7fa17f5\" data-element_type=\"widget\" data-widget_type=\"divider.default\">\n\t\t\t\t<div class=\"elementor-widget-container\">\n\t\t\t\t\t<div class=\"elementor-divider\">\n\t\t\t<span class=\"elementor-divider-separator\">\n\t\t\t\t\t\t<\/span>\n\t\t<\/div>\n\t\t\t\t<\/div>\n\t\t\t\t<\/div>\n\t\t\t\t\t\t<\/div>\n\t\t\t\t\t<\/div>\n\t\t<\/div>\n\t\t\t\t\t\t\t\t<\/div>\n\t\t\t\t\t<\/div>\n\t\t<\/section>\n\t\t\t\t<section class=\"elementor-section elementor-inner-section elementor-element elementor-element-689eee7 elementor-section-full_width elementor-section-height-default elementor-section-height-default\" data-id=\"689eee7\" data-element_type=\"section\">\n\t\t\t\t\t\t<div class=\"elementor-container elementor-column-gap-wide\">\n\t\t\t\t\t\t\t<div class=\"elementor-row\">\n\t\t\t\t\t<div class=\"aux-parallax-section elementor-column elementor-col-66 elementor-inner-column elementor-element elementor-element-f916d9e\" data-id=\"f916d9e\" data-element_type=\"column\" data-settings=\"{&quot;background_background&quot;:&quot;classic&quot;}\">\n\t\t\t<div class=\"elementor-column-wrap elementor-element-populated\">\n\t\t\t\t\t\t\t<div class=\"elementor-widget-wrap\">\n\t\t\t\t\t\t<div class=\"elementor-element elementor-element-19eb6ef fakta aux-appear-watch-animation aux-fade-in elementor-widget elementor-widget-text-editor\" data-id=\"19eb6ef\" data-element_type=\"widget\" data-widget_type=\"text-editor.default\">\n\t\t\t\t<div class=\"elementor-widget-container\">\n\t\t\t\t\t<div class=\"elementor-text-editor elementor-clearfix\"><h3>Generellt rastl\u00f6s<\/h3><p><strong>\u00c5LDER:<\/strong> 47 \u00e5r.<\/p><p><strong>BOR:\u00a0<\/strong>Eker\u00f6.<\/p><p><strong>FAMILJ:\u00a0<\/strong>Man och tv\u00e5 d\u00f6ttrar, 7 och 10 \u00e5r.<\/p><p><strong>BAKGRUND:\u00a0<\/strong>Arbetade i butik och s\u00e5lde bilbarnstolar innan hon sadlade om och tog examen i medieteknik p\u00e5 KTH 2005. Sedan 2007 anst\u00e4lld p\u00e5 Vi.<\/p><p><strong>INTRESSEN:<\/strong> P\u00e5 sommaren; pysslande p\u00e5 fritidsboendet, P\u00e5 vintern; g\u00e4rna slalom. \u00c4r generellt rastl\u00f6s och har sv\u00e5rt att sitta still.<\/p><\/div>\n\t\t\t\t<\/div>\n\t\t\t\t<\/div>\n\t\t\t\t\t\t<\/div>\n\t\t\t\t\t<\/div>\n\t\t<\/div>\n\t\t\t\t<div class=\"aux-parallax-section elementor-column elementor-col-33 elementor-inner-column elementor-element elementor-element-f0f5088\" data-id=\"f0f5088\" data-element_type=\"column\">\n\t\t\t<div class=\"elementor-column-wrap elementor-element-populated\">\n\t\t\t\t\t\t\t<div class=\"elementor-widget-wrap\">\n\t\t\t\t\t\t<div class=\"elementor-element elementor-element-0b7ad51 elementor-widget elementor-widget-menu-anchor\" data-id=\"0b7ad51\" data-element_type=\"widget\" data-widget_type=\"menu-anchor.default\">\n\t\t\t\t<div class=\"elementor-widget-container\">\n\t\t\t\t\t<div id=\"susanna\" class=\"elementor-menu-anchor\"><\/div>\n\t\t\t\t<\/div>\n\t\t\t\t<\/div>\n\t\t\t\t<div class=\"elementor-element elementor-element-1203cb2 elementor-widget elementor-widget-heading\" data-id=\"1203cb2\" data-element_type=\"widget\" data-widget_type=\"heading.default\">\n\t\t\t\t<div class=\"elementor-widget-container\">\n\t\t\t<h2 class=\"elementor-heading-title elementor-size-default\">Susanna Berglid\u200b<\/h2>\t\t<\/div>\n\t\t\t\t<\/div>\n\t\t\t\t<div class=\"elementor-element elementor-element-261b2b4 elementor-widget elementor-widget-heading\" data-id=\"261b2b4\" data-element_type=\"widget\" data-widget_type=\"heading.default\">\n\t\t\t\t<div class=\"elementor-widget-container\">\n\t\t\t<h4 class=\"elementor-heading-title elementor-size-default\">Upplageansvarig \nVi Media\u200b<\/h4>\t\t<\/div>\n\t\t\t\t<\/div>\n\t\t\t\t<div class=\"elementor-element elementor-element-a08c449 elementor-hidden-tablet elementor-hidden-phone elementor-widget-divider--view-line elementor-widget elementor-widget-divider\" data-id=\"a08c449\" data-element_type=\"widget\" data-widget_type=\"divider.default\">\n\t\t\t\t<div class=\"elementor-widget-container\">\n\t\t\t\t\t<div class=\"elementor-divider\">\n\t\t\t<span class=\"elementor-divider-separator\">\n\t\t\t\t\t\t<\/span>\n\t\t<\/div>\n\t\t\t\t<\/div>\n\t\t\t\t<\/div>\n\t\t\t\t<div class=\"elementor-element elementor-element-9ffaef0 elementor-widget elementor-widget-text-editor\" data-id=\"9ffaef0\" data-element_type=\"widget\" data-widget_type=\"text-editor.default\">\n\t\t\t\t<div class=\"elementor-widget-container\">\n\t\t\t\t\t<div class=\"elementor-text-editor elementor-clearfix\"><p><b>\u201dF\u00f6r den som har <\/b>till uppgift att se till s\u00e5 att upplagan h\u00e5ller sig p\u00e5 en viss niv\u00e5, och helst \u00f6kar, \u00e4r det en god id\u00e9 att l\u00e4ra k\u00e4nna\u00a0l\u00e4sekretsen. Och p\u00e5 Vi Media \u00e4r vi lyckligt lottade, med en nyfiken l\u00e4sekrets som st\u00e4ller h\u00f6ga krav p\u00e5 det som produceras.<span class=\"Apple-converted-space\">\u00a0<\/span><\/p><p>Allt ska vara r\u00e4tt och riktigt, och n\u00e4r det inte \u00e4r s\u00e5 f\u00e5r vi h\u00f6ra det. Som 2015, d\u00e5 vi i en adresserad kampanj tryckte ett citat fr\u00e5n sk\u00e5despelerskan Marie G\u00f6ranzon p\u00e5 kuvertet: \u2019Varf\u00f6r jag l\u00e4ser Vi? F\u00f6r att den \u00e4r s\u00e5 j\u00e4vla bra f\u00f6rst\u00e5s!\u2019 Vi kontaktades av m\u00e5nga som tyckte att vi anv\u00e4nde ett ov\u00e5rdat spr\u00e5k \u2013 och valde d\u00e5 att trycka om kuverten.<span class=\"Apple-converted-space\">\u00a0<\/span><\/p><p>F\u00f6r det \u00e4r viktigt att lyssna p\u00e5 l\u00e4sarna, och p\u00e5 Vi ges ofta den m\u00f6jligheten. Att vara ute i verkligheten, p\u00e5 v\u00e5ra litteratur\u00adb\u00e5tar eller p\u00e5 bokm\u00e4ssan, och tr\u00e4ffa folk som har tankar om inneh\u00e5llet \u00e4r bland det roligaste jag vet. D\u00e5 f\u00e5r man till exempel en insikt i exakt hur viktigt det \u00e4r att v\u00e5ra korsord \u00e4r lagom sv\u00e5ra och kluriga, eller en inblick i hur m\u00e5nga som har varit Vi-l\u00e4sare sedan barnsben.<span class=\"Apple-converted-space\">\u00a0<\/span><\/p><p>D\u00e4r n\u00e5gonstans ligger ocks\u00e5 utmaningen i mitt jobb. F\u00f6r vi har en trogen l\u00e4sekrets som har varit med l\u00e4nge, men det g\u00e4ller ocks\u00e5 att hitta en ny. Det sker med traditionella kampanjer, men ocks\u00e5 genom att utnyttja sociala medier och n\u00e5 ut digitalt.<span class=\"Apple-converted-space\">\u00a0<\/span><\/p><p>Vi bygger system f\u00f6r att kunna automatisera och f\u00f6rfina kommunikationen med befintliga och nya l\u00e4sare via e-post. Under \u00e5ret har vi konverterat in alla v\u00e5ra prenumeranter i ett nytt prenumerations\u00adsystem som byggs ihop med ett modernt e-postverktyg. S\u00e5 ska vi bli \u00e4nnu mer relevanta i dialogen med l\u00e4sarna. Dessutom har vi satsat digitalt med vi.se, och kan notera att det tillkommer nya l\u00e4sare \u2013 och lyssnare \u2013 d\u00e4r varje m\u00e5nad.<span class=\"Apple-converted-space\">\u00a0<\/span><\/p><p>Det \u00e4r v\u00e4lkommet, inte minst eftersom det l\u00e4gger grunden f\u00f6r fler framtida m\u00f6ten med nya m\u00e4nniskor \u2013 som har goda synpunkter\u00a0och tankar om vad de h\u00e4r tidningarna faktiskt ska vara \u2013 och hur de ska uttrycka sig \u2013 egentligen.\u201d<\/p><\/div>\n\t\t\t\t<\/div>\n\t\t\t\t<\/div>\n\t\t\t\t<div class=\"elementor-element elementor-element-01c0433 elementor-hidden-desktop elementor-widget-divider--view-line elementor-widget elementor-widget-divider\" data-id=\"01c0433\" data-element_type=\"widget\" data-widget_type=\"divider.default\">\n\t\t\t\t<div class=\"elementor-widget-container\">\n\t\t\t\t\t<div class=\"elementor-divider\">\n\t\t\t<span class=\"elementor-divider-separator\">\n\t\t\t\t\t\t<\/span>\n\t\t<\/div>\n\t\t\t\t<\/div>\n\t\t\t\t<\/div>\n\t\t\t\t\t\t<\/div>\n\t\t\t\t\t<\/div>\n\t\t<\/div>\n\t\t\t\t\t\t\t\t<\/div>\n\t\t\t\t\t<\/div>\n\t\t<\/section>\n\t\t\t\t<section class=\"elementor-section elementor-inner-section elementor-element elementor-element-a767b57 elementor-section-full_width elementor-section-height-default elementor-section-height-default\" data-id=\"a767b57\" data-element_type=\"section\">\n\t\t\t\t\t\t<div class=\"elementor-container elementor-column-gap-wide\">\n\t\t\t\t\t\t\t<div class=\"elementor-row\">\n\t\t\t\t\t<div class=\"aux-parallax-section elementor-column elementor-col-66 elementor-inner-column elementor-element elementor-element-8f1846e\" data-id=\"8f1846e\" data-element_type=\"column\" data-settings=\"{&quot;background_background&quot;:&quot;classic&quot;}\">\n\t\t\t<div class=\"elementor-column-wrap elementor-element-populated\">\n\t\t\t\t\t\t\t<div class=\"elementor-widget-wrap\">\n\t\t\t\t\t\t<div class=\"elementor-element elementor-element-a2402d6 fakta aux-appear-watch-animation aux-fade-in elementor-widget elementor-widget-text-editor\" data-id=\"a2402d6\" data-element_type=\"widget\" data-widget_type=\"text-editor.default\">\n\t\t\t\t<div class=\"elementor-widget-container\">\n\t\t\t\t\t<div class=\"elementor-text-editor elementor-clearfix\"><h3>Passion f\u00f6r gamla bilar<\/h3><p><strong>\u00c5LDER:\u00a0<\/strong>62 \u00e5r.<\/p><p><strong>BOR:\u00a0<\/strong>Liding\u00f6.<\/p><p><strong>FAMILJ:\u00a0<\/strong>Fru och tv\u00e5 utflyttade barn.<\/p><p><strong>BAKGRUND:\u00a0<\/strong>Civilingenj\u00f6r Lantm\u00e4terisektionen KTH 1983 och har sedan dess arbetat inom fastighetsbranschen, bland annat i rollen som vd f\u00f6r Svefa 1997\u20132008. Sedan h\u00f6sten 2009 medarbetare p\u00e5 KF Fastigheter.<\/p><p><strong>FRITID:\u00a0<\/strong>Gamla bilar, n\u00e4r tid blir \u00f6ver. Innehar en Volkswagen Karmann Ghia fr\u00e5n 1963.<\/p><\/div>\n\t\t\t\t<\/div>\n\t\t\t\t<\/div>\n\t\t\t\t\t\t<\/div>\n\t\t\t\t\t<\/div>\n\t\t<\/div>\n\t\t\t\t<div class=\"aux-parallax-section elementor-column elementor-col-33 elementor-inner-column elementor-element elementor-element-80af7bf\" data-id=\"80af7bf\" data-element_type=\"column\">\n\t\t\t<div class=\"elementor-column-wrap elementor-element-populated\">\n\t\t\t\t\t\t\t<div class=\"elementor-widget-wrap\">\n\t\t\t\t\t\t<div class=\"elementor-element elementor-element-46a0b5b elementor-widget elementor-widget-menu-anchor\" data-id=\"46a0b5b\" data-element_type=\"widget\" data-widget_type=\"menu-anchor.default\">\n\t\t\t\t<div class=\"elementor-widget-container\">\n\t\t\t\t\t<div id=\"peter\" class=\"elementor-menu-anchor\"><\/div>\n\t\t\t\t<\/div>\n\t\t\t\t<\/div>\n\t\t\t\t<div class=\"elementor-element elementor-element-e0f0a54 elementor-widget elementor-widget-heading\" data-id=\"e0f0a54\" data-element_type=\"widget\" data-widget_type=\"heading.default\">\n\t\t\t\t<div class=\"elementor-widget-container\">\n\t\t\t<h2 class=\"elementor-heading-title elementor-size-default\">Peter Ljung<\/h2>\t\t<\/div>\n\t\t\t\t<\/div>\n\t\t\t\t<div class=\"elementor-element elementor-element-a487aa7 elementor-widget elementor-widget-heading\" data-id=\"a487aa7\" data-element_type=\"widget\" data-widget_type=\"heading.default\">\n\t\t\t\t<div class=\"elementor-widget-container\">\n\t\t\t<h4 class=\"elementor-heading-title elementor-size-default\">Senior Advisor \nKF Fastigheter<\/h4>\t\t<\/div>\n\t\t\t\t<\/div>\n\t\t\t\t<div class=\"elementor-element elementor-element-8ca9a5b elementor-hidden-tablet elementor-hidden-phone elementor-widget-divider--view-line elementor-widget elementor-widget-divider\" data-id=\"8ca9a5b\" data-element_type=\"widget\" data-widget_type=\"divider.default\">\n\t\t\t\t<div class=\"elementor-widget-container\">\n\t\t\t\t\t<div class=\"elementor-divider\">\n\t\t\t<span class=\"elementor-divider-separator\">\n\t\t\t\t\t\t<\/span>\n\t\t<\/div>\n\t\t\t\t<\/div>\n\t\t\t\t<\/div>\n\t\t\t\t<div class=\"elementor-element elementor-element-fbaa193 elementor-widget elementor-widget-text-editor\" data-id=\"fbaa193\" data-element_type=\"widget\" data-widget_type=\"text-editor.default\">\n\t\t\t\t<div class=\"elementor-widget-container\">\n\t\t\t\t\t<div class=\"elementor-text-editor elementor-clearfix\"><p><b>\u201dJag brukar s\u00e4ga<\/b> att jag \u00e4r allt i allo<span class=\"Apple-converted-space\">\u00a0<\/span>p\u00e5 KF Fastigheter och s\u00e4rskilt l\u00e5ngt ifr\u00e5n sanningen \u00e4r det inte. Sedan jag kom hit 2009 har jag bland annat hunnit med att vara tillf\u00f6rordnad vd p\u00e5 tv\u00e5 dotterbolag. I dag \u00e4r jag projektledare med ansvar f\u00f6r att utveckla och s\u00e4lja fastigheter. Variationen \u00e4r en stor anledning till att jag \u00e4r kvar, f\u00f6r det trodde jag faktiskt inte n\u00e4r jag hoppade p\u00e5 detta en g\u00e5ng i tiden.<span class=\"Apple-converted-space\">\u00a0<\/span><\/p><p>D\u00e5 hade jag precis startat eget efter att ha varit vd f\u00f6r Svefa, ett av Sveriges st\u00f6rsta fastighets\u00adkonsult\u00adf\u00f6retag, i elva \u00e5r och s\u00e5g fram emot att \u00e4gna mer tid \u00e5t att g\u00f6ra aff\u00e4rer och mindre \u00e5t l\u00f6ne och medarbetarsamtal. S\u00e5 har det ocks\u00e5 blivit.<span class=\"Apple-converted-space\">\u00a0<\/span><\/p><p>P\u00e5 KF Fastigheter \u00e4gnar vi oss i dag n\u00e4stan uteslutande \u00e5t v\u00e5ra utvecklings\u00adfastigheter, och f\u00f6r\u00e4dlar dessa s\u00e5 mycket det g\u00e5r tills vi n\u00e5r fram till punkten d\u00e5 vi antingen avyttrar eller s\u00f6ker en partner f\u00f6r att komma h\u00f6gre upp i v\u00e4rdetrappan. Tidpunkten beror p\u00e5 omst\u00e4ndigheterna \u2013 men i samtliga fall handlar det om att ha t\u00e5lamod.<\/p><p>Jag som har varit i branschen sedan 80-talet har sett den f\u00f6r\u00e4ndras. Fram till fastighetskrisen i b\u00f6rjan av 90-talet fanns egna, mindre fastighets\u00ad\u00e4gare. Nu \u00e4r det idel j\u00e4ttebolag som vid transaktion kopplar in firmor r\u00f6rande alltifr\u00e5n besiktning till revision f\u00f6r att genomlysa aff\u00e4ren. Dessutom \u00e4r reglementena f\u00f6r planer och byggande mer omfattande. F\u00f6rr gjordes utredningar som tog h\u00e4nsyn till tio\u00e5rsregn, nederb\u00f6rd som teoretiskt sett faller vart tionde \u00e5r. Drivet av klimatkrisen tas det numera ofta h\u00f6jd f\u00f6r hundra\u00e5rsregn i st\u00e4llet.<span class=\"Apple-converted-space\">\u00a0<\/span><\/p><p>Men all denna professionalitet ger mycket tillbaka, f\u00f6r det vi l\u00e4mnar ifr\u00e5n oss \u00e4r synat i s\u00f6mmarna. Som projektet i Bro M\u00e4larstrand d\u00e4r vi i samarbete med kommunen tagit fram en ny detaljplan. Ett helt nytt omr\u00e5de v\u00e4xer upp, folk har b\u00f6rjat flytta in i byggnaderna och det \u00e4r fantastiskt att f\u00e5 vara en del i samh\u00e4llsutvecklingen.<\/p><p><span style=\"background-color: var( --e-global-color-6e9cb43 );\">Jag ser fram emot att hitta en l\u00e4mplig partner f\u00f6r att tillsammans utveckla\u00a0<\/span><span style=\"background-color: var( --e-global-color-6e9cb43 );\">KF:s kvarvarande del, och vid sidan om samh\u00e4llsnyttan h\u00f6ja v\u00e4rdet lite till.\u201d<\/span><\/p><\/div>\n\t\t\t\t<\/div>\n\t\t\t\t<\/div>\n\t\t\t\t<div class=\"elementor-element elementor-element-41825dc elementor-hidden-desktop elementor-widget-divider--view-line elementor-widget elementor-widget-divider\" data-id=\"41825dc\" data-element_type=\"widget\" data-widget_type=\"divider.default\">\n\t\t\t\t<div class=\"elementor-widget-container\">\n\t\t\t\t\t<div class=\"elementor-divider\">\n\t\t\t<span class=\"elementor-divider-separator\">\n\t\t\t\t\t\t<\/span>\n\t\t<\/div>\n\t\t\t\t<\/div>\n\t\t\t\t<\/div>\n\t\t\t\t\t\t<\/div>\n\t\t\t\t\t<\/div>\n\t\t<\/div>\n\t\t\t\t\t\t\t\t<\/div>\n\t\t\t\t\t<\/div>\n\t\t<\/section>\n\t\t\t\t\t\t<\/div>\n\t\t\t\t\t<\/div>\n\t\t<\/article>\n\t\t\t\t\t\t\t\t<\/div>\n\t\t\t\t\t<\/div>\n\t\t<\/section>\n\t\t\t\t\t\t<\/div>\n\t\t\t\t\t\t<\/div>\n\t\t\t\t\t<\/div>\n\t\t","protected":false},"excerpt":{"rendered":"<p>M\u00f6t fem medarbetare fr\u00e5n fem olika KF-f\u00f6retag. En sak har de gemensamt: Tillsammans med sina kollegor har de under ett pr\u00f6vande \u00e5r bidragit till ett h\u00e5llbart och mer l\u00f6nsamt KF.<\/p>\n","protected":false},"author":1,"featured_media":8104,"comment_status":"open","ping_status":"open","sticky":false,"template":"elementor_header_footer","format":"standard","meta":[],"categories":[10],"tags":[15],"_links":{"self":[{"href":"https:\/\/kf.se\/arsredovisning2020\/wp-json\/wp\/v2\/posts\/1313"}],"collection":[{"href":"https:\/\/kf.se\/arsredovisning2020\/wp-json\/wp\/v2\/posts"}],"about":[{"href":"https:\/\/kf.se\/arsredovisning2020\/wp-json\/wp\/v2\/types\/post"}],"author":[{"embeddable":true,"href":"https:\/\/kf.se\/arsredovisning2020\/wp-json\/wp\/v2\/users\/1"}],"replies":[{"embeddable":true,"href":"https:\/\/kf.se\/arsredovisning2020\/wp-json\/wp\/v2\/comments?post=1313"}],"version-history":[{"count":326,"href":"https:\/\/kf.se\/arsredovisning2020\/wp-json\/wp\/v2\/posts\/1313\/revisions"}],"predecessor-version":[{"id":10008,"href":"https:\/\/kf.se\/arsredovisning2020\/wp-json\/wp\/v2\/posts\/1313\/revisions\/10008"}],"wp:featuredmedia":[{"embeddable":true,"href":"https:\/\/kf.se\/arsredovisning2020\/wp-json\/wp\/v2\/media\/8104"}],"wp:attachment":[{"href":"https:\/\/kf.se\/arsredovisning2020\/wp-json\/wp\/v2\/media?parent=1313"}],"wp:term":[{"taxonomy":"category","embeddable":true,"href":"https:\/\/kf.se\/arsredovisning2020\/wp-json\/wp\/v2\/categories?post=1313"},{"taxonomy":"post_tag","embeddable":true,"href":"https:\/\/kf.se\/arsredovisning2020\/wp-json\/wp\/v2\/tags?post=1313"}],"curies":[{"name":"wp","href":"https:\/\/api.w.org\/{rel}","templated":true}]}}