{"id":6446,"date":"2021-02-26T15:57:07","date_gmt":"2021-02-26T15:57:07","guid":{"rendered":"https:\/\/kooperation2020.jonasmelcherson.com\/?p=6446"},"modified":"2021-03-05T13:18:07","modified_gmt":"2021-03-05T13:18:07","slug":"var-gard-vinna-eller-forsvinna","status":"publish","type":"post","link":"https:\/\/kf.se\/arsredovisning2020\/arsberattelser\/var-gard-vinna-eller-forsvinna\/","title":{"rendered":"Vinna eller f\u00f6rsvinna: \u00c5ret som skakade om V\u00e5r G\u00e5rd"},"content":{"rendered":"\t\t<div data-elementor-type=\"wp-post\" data-elementor-id=\"6446\" class=\"elementor elementor-6446\" data-elementor-settings=\"[]\">\n\t\t\t\t\t\t<div class=\"elementor-inner\">\n\t\t\t\t\t\t\t<div class=\"elementor-section-wrap\">\n\t\t\t\t\t\t\t<section class=\"elementor-section elementor-top-section elementor-element elementor-element-111ea78 elementor-section-height-min-height elementor-section-stretched elementor-section-items-bottom elementor-section-boxed elementor-section-height-default\" data-id=\"111ea78\" data-element_type=\"section\" data-settings=\"{&quot;background_background&quot;:&quot;classic&quot;,&quot;stretch_section&quot;:&quot;section-stretched&quot;}\">\n\t\t\t\t\t\t\t<div class=\"elementor-background-overlay\"><\/div>\n\t\t\t\t\t\t\t<div class=\"elementor-container elementor-column-gap-default\">\n\t\t\t\t\t\t\t<div class=\"elementor-row\">\n\t\t\t\t\t<div class=\"aux-parallax-section elementor-column elementor-col-33 elementor-top-column elementor-element elementor-element-e3dbc43 aux-appear-watch-animation aux-fade-in\" data-id=\"e3dbc43\" data-element_type=\"column\">\n\t\t\t<div class=\"elementor-column-wrap elementor-element-populated\">\n\t\t\t\t\t\t\t<div class=\"elementor-widget-wrap\">\n\t\t\t\t\t\t<div class=\"elementor-element elementor-element-c6ec98b elementor-widget-mobile__width-auto elementor-widget elementor-widget-heading\" data-id=\"c6ec98b\" data-element_type=\"widget\" data-widget_type=\"heading.default\">\n\t\t\t\t<div class=\"elementor-widget-container\">\n\t\t\t<h1 class=\"elementor-heading-title elementor-size-default\">Vinna<\/h1>\t\t<\/div>\n\t\t\t\t<\/div>\n\t\t\t\t<div class=\"elementor-element elementor-element-c39b507 elementor-widget-mobile__width-auto elementor-widget elementor-widget-heading\" data-id=\"c39b507\" data-element_type=\"widget\" data-widget_type=\"heading.default\">\n\t\t\t\t<div class=\"elementor-widget-container\">\n\t\t\t<h1 class=\"elementor-heading-title elementor-size-default\">eller f\u00f6rsvinna<\/h1>\t\t<\/div>\n\t\t\t\t<\/div>\n\t\t\t\t<div class=\"elementor-element elementor-element-a0ce352 ingressB elementor-widget elementor-widget-text-editor\" data-id=\"a0ce352\" data-element_type=\"widget\" data-widget_type=\"text-editor.default\">\n\t\t\t\t<div class=\"elementor-widget-container\">\n\t\t\t\t\t<div class=\"elementor-text-editor elementor-clearfix\"><p>Det skulle bli ett riktigt bra \u00e5r. Sedan slog covid-19 till och den v\u00e4rsta krisen i V\u00e5r G\u00e5rds historia var ett faktum.\u00a0Nu blickar medarbetarna tillbaka p\u00e5 ett 2020 pr\u00e4glat av chock, laganda \u2013 och en <span style=\"color: #dd5840;\">stark \u00f6verlevnadsinstinkt<\/span>.<\/p><\/div>\n\t\t\t\t<\/div>\n\t\t\t\t<\/div>\n\t\t\t\t<div class=\"elementor-element elementor-element-6d74b67 elementor-widget elementor-widget-heading\" data-id=\"6d74b67\" data-element_type=\"widget\" data-widget_type=\"heading.default\">\n\t\t\t\t<div class=\"elementor-widget-container\">\n\t\t\t<h1 class=\"elementor-heading-title elementor-size-xl\">text TERRI HERRERA  &nbsp;<div> foto MARGARETA BLOOM SANDEB\u00c4CK<\/div><\/h1>\t\t<\/div>\n\t\t\t\t<\/div>\n\t\t\t\t\t\t<\/div>\n\t\t\t\t\t<\/div>\n\t\t<\/div>\n\t\t\t\t<div class=\"aux-parallax-section elementor-column elementor-col-66 elementor-top-column elementor-element elementor-element-aea7ad2 elementor-hidden-phone elementor-hidden-tablet\" data-id=\"aea7ad2\" data-element_type=\"column\">\n\t\t\t<div class=\"elementor-column-wrap elementor-element-populated\">\n\t\t\t\t\t\t\t<div class=\"elementor-widget-wrap\">\n\t\t\t\t\t\t<div class=\"elementor-element elementor-element-ab23f47 aux-appear-watch-animation aux-fade-in elementor-widget elementor-widget-gallery\" data-id=\"ab23f47\" data-element_type=\"widget\" data-settings=\"{&quot;gallery_layout&quot;:&quot;masonry&quot;,&quot;lazyload&quot;:&quot;yes&quot;,&quot;columns&quot;:4,&quot;columns_tablet&quot;:2,&quot;columns_mobile&quot;:1,&quot;gap&quot;:{&quot;unit&quot;:&quot;px&quot;,&quot;size&quot;:10,&quot;sizes&quot;:[]},&quot;gap_tablet&quot;:{&quot;unit&quot;:&quot;px&quot;,&quot;size&quot;:10,&quot;sizes&quot;:[]},&quot;gap_mobile&quot;:{&quot;unit&quot;:&quot;px&quot;,&quot;size&quot;:10,&quot;sizes&quot;:[]},&quot;overlay_background&quot;:&quot;yes&quot;,&quot;content_hover_animation&quot;:&quot;fade-in&quot;}\" data-widget_type=\"gallery.default\">\n\t\t\t\t<div class=\"elementor-widget-container\">\n\t\t\t\t\t<div class=\"elementor-gallery__container\">\n\t\t\t\t\t\t\t<div class=\"e-gallery-item elementor-gallery-item elementor-animated-content\">\n\t\t\t\t\t<div class=\"e-gallery-image elementor-gallery-item__image\" data-thumbnail=\"https:\/\/kf.se\/arsredovisning2020\/wp-content\/uploads\/2021\/02\/margaretabsandeback200914_MBS5676-Edit-1024x1536.jpg\" data-width=\"1024\" data-height=\"1536\" alt=\"\" ><\/div>\n\t\t\t\t\t\t\t\t\t\t<div class=\"elementor-gallery-item__overlay\"><\/div>\n\t\t\t\t\t\t\t\t\t\t\t\t\t\t<\/div>\n\t\t\t\t\t\t\t<div class=\"e-gallery-item elementor-gallery-item elementor-animated-content\">\n\t\t\t\t\t<div class=\"e-gallery-image elementor-gallery-item__image\" data-thumbnail=\"https:\/\/kf.se\/arsredovisning2020\/wp-content\/uploads\/2021\/02\/margaretabsandeback200914_MBS5255-Edit-1536x1024.jpg\" data-width=\"1536\" data-height=\"1024\" alt=\"\" ><\/div>\n\t\t\t\t\t\t\t\t\t\t<div class=\"elementor-gallery-item__overlay\"><\/div>\n\t\t\t\t\t\t\t\t\t\t\t\t\t\t<\/div>\n\t\t\t\t\t\t\t<div class=\"e-gallery-item elementor-gallery-item elementor-animated-content\">\n\t\t\t\t\t<div class=\"e-gallery-image elementor-gallery-item__image\" data-thumbnail=\"https:\/\/kf.se\/arsredovisning2020\/wp-content\/uploads\/2021\/02\/margaretabsandeback200914_MBS5369-Edit-1024x1536.jpg\" data-width=\"1024\" data-height=\"1536\" alt=\"\" ><\/div>\n\t\t\t\t\t\t\t\t\t\t<div class=\"elementor-gallery-item__overlay\"><\/div>\n\t\t\t\t\t\t\t\t\t\t\t\t\t\t<\/div>\n\t\t\t\t\t\t\t<div class=\"e-gallery-item elementor-gallery-item elementor-animated-content\">\n\t\t\t\t\t<div class=\"e-gallery-image elementor-gallery-item__image\" data-thumbnail=\"https:\/\/kf.se\/arsredovisning2020\/wp-content\/uploads\/2021\/02\/margaretabsandeback200914_MBS5275-Edit-1536x1024.jpg\" data-width=\"1536\" data-height=\"1024\" alt=\"\" ><\/div>\n\t\t\t\t\t\t\t\t\t\t<div class=\"elementor-gallery-item__overlay\"><\/div>\n\t\t\t\t\t\t\t\t\t\t\t\t\t\t<\/div>\n\t\t\t\t\t\t\t<div class=\"e-gallery-item elementor-gallery-item elementor-animated-content\">\n\t\t\t\t\t<div class=\"e-gallery-image elementor-gallery-item__image\" data-thumbnail=\"https:\/\/kf.se\/arsredovisning2020\/wp-content\/uploads\/2021\/02\/margaretabsandeback200914_MBS5397-Edit-1536x1024.jpg\" data-width=\"1536\" data-height=\"1024\" alt=\"\" ><\/div>\n\t\t\t\t\t\t\t\t\t\t<div class=\"elementor-gallery-item__overlay\"><\/div>\n\t\t\t\t\t\t\t\t\t\t\t\t\t\t<\/div>\n\t\t\t\t\t\t\t<div class=\"e-gallery-item elementor-gallery-item elementor-animated-content\">\n\t\t\t\t\t<div class=\"e-gallery-image elementor-gallery-item__image\" data-thumbnail=\"https:\/\/kf.se\/arsredovisning2020\/wp-content\/uploads\/2021\/02\/margaretabsandeback200914_MBS5067-Edit-1536x1024.jpg\" data-width=\"1536\" data-height=\"1024\" alt=\"\" ><\/div>\n\t\t\t\t\t\t\t\t\t\t<div class=\"elementor-gallery-item__overlay\"><\/div>\n\t\t\t\t\t\t\t\t\t\t\t\t\t\t<\/div>\n\t\t\t\t\t\t\t<div class=\"e-gallery-item elementor-gallery-item elementor-animated-content\">\n\t\t\t\t\t<div class=\"e-gallery-image elementor-gallery-item__image\" data-thumbnail=\"https:\/\/kf.se\/arsredovisning2020\/wp-content\/uploads\/2021\/02\/margaretabsandeback200914_MBS5010-Edit-1536x1024.jpg\" data-width=\"1536\" data-height=\"1024\" alt=\"\" ><\/div>\n\t\t\t\t\t\t\t\t\t\t<div class=\"elementor-gallery-item__overlay\"><\/div>\n\t\t\t\t\t\t\t\t\t\t\t\t\t\t<\/div>\n\t\t\t\t\t\t\t<div class=\"e-gallery-item elementor-gallery-item elementor-animated-content\">\n\t\t\t\t\t<div class=\"e-gallery-image elementor-gallery-item__image\" data-thumbnail=\"https:\/\/kf.se\/arsredovisning2020\/wp-content\/uploads\/2021\/02\/margaretabsandeback200914_MBS4763-Edit-1536x1024.jpg\" data-width=\"1536\" data-height=\"1024\" alt=\"\" ><\/div>\n\t\t\t\t\t\t\t\t\t\t<div class=\"elementor-gallery-item__overlay\"><\/div>\n\t\t\t\t\t\t\t\t\t\t\t\t\t\t<\/div>\n\t\t\t\t\t\t\t<div class=\"e-gallery-item elementor-gallery-item elementor-animated-content\">\n\t\t\t\t\t<div class=\"e-gallery-image elementor-gallery-item__image\" data-thumbnail=\"https:\/\/kf.se\/arsredovisning2020\/wp-content\/uploads\/2021\/02\/margaretabsandeback200914_MBS5496-Edit-1024x1536.jpg\" data-width=\"1024\" data-height=\"1536\" alt=\"\" ><\/div>\n\t\t\t\t\t\t\t\t\t\t<div class=\"elementor-gallery-item__overlay\"><\/div>\n\t\t\t\t\t\t\t\t\t\t\t\t\t\t<\/div>\n\t\t\t\t\t\t\t<div class=\"e-gallery-item elementor-gallery-item elementor-animated-content\">\n\t\t\t\t\t<div class=\"e-gallery-image elementor-gallery-item__image\" data-thumbnail=\"https:\/\/kf.se\/arsredovisning2020\/wp-content\/uploads\/2021\/02\/margaretabsandeback200914_MBS5172-Edit.jpg\" data-width=\"1000\" data-height=\"1500\" alt=\"\" ><\/div>\n\t\t\t\t\t\t\t\t\t\t<div class=\"elementor-gallery-item__overlay\"><\/div>\n\t\t\t\t\t\t\t\t\t\t\t\t\t\t<\/div>\n\t\t\t\t\t\t\t<div class=\"e-gallery-item elementor-gallery-item elementor-animated-content\">\n\t\t\t\t\t<div class=\"e-gallery-image elementor-gallery-item__image\" data-thumbnail=\"https:\/\/kf.se\/arsredovisning2020\/wp-content\/uploads\/2021\/02\/margaretabsandeback200914_MBS5555-Edit-1536x1024.jpg\" data-width=\"1536\" data-height=\"1024\" alt=\"\" ><\/div>\n\t\t\t\t\t\t\t\t\t\t<div class=\"elementor-gallery-item__overlay\"><\/div>\n\t\t\t\t\t\t\t\t\t\t\t\t\t\t<\/div>\n\t\t\t\t\t<\/div>\n\t\t\t<\/div>\n\t\t\t\t<\/div>\n\t\t\t\t\t\t<\/div>\n\t\t\t\t\t<\/div>\n\t\t<\/div>\n\t\t\t\t\t\t\t\t<\/div>\n\t\t\t\t\t<\/div>\n\t\t<\/section>\n\t\t\t\t<article class=\"elementor-section elementor-top-section elementor-element elementor-element-451dc39 aux-appear-watch-animation aux-fade-in-up-2 elementor-section-boxed elementor-section-height-default elementor-section-height-default\" data-id=\"451dc39\" data-element_type=\"section\">\n\t\t\t\t\t\t<div class=\"elementor-container elementor-column-gap-wide\">\n\t\t\t\t\t\t\t<div class=\"elementor-row\">\n\t\t\t\t\t<div class=\"aux-parallax-section elementor-column elementor-col-25 elementor-top-column elementor-element elementor-element-3649be3\" data-id=\"3649be3\" data-element_type=\"column\" data-settings=\"{&quot;background_background&quot;:&quot;classic&quot;}\">\n\t\t\t<div class=\"elementor-column-wrap elementor-element-populated\">\n\t\t\t\t\t\t\t<div class=\"elementor-widget-wrap\">\n\t\t\t\t\t\t<div class=\"elementor-element elementor-element-266cd8c elementor-widget elementor-widget-heading\" data-id=\"266cd8c\" data-element_type=\"widget\" data-widget_type=\"heading.default\">\n\t\t\t\t<div class=\"elementor-widget-container\">\n\t\t\t<h2 class=\"elementor-heading-title elementor-size-default\">v\u00e5ren<\/h2>\t\t<\/div>\n\t\t\t\t<\/div>\n\t\t\t\t\t\t<\/div>\n\t\t\t\t\t<\/div>\n\t\t<\/div>\n\t\t\t\t<div class=\"aux-parallax-section elementor-column elementor-col-50 elementor-top-column elementor-element elementor-element-33faee9\" data-id=\"33faee9\" data-element_type=\"column\">\n\t\t\t<div class=\"elementor-column-wrap elementor-element-populated\">\n\t\t\t\t\t\t\t<div class=\"elementor-widget-wrap\">\n\t\t\t\t\t\t<div class=\"elementor-element elementor-element-58e8d41 elementor-widget elementor-widget-text-editor\" data-id=\"58e8d41\" data-element_type=\"widget\" data-widget_type=\"text-editor.default\">\n\t\t\t\t<div class=\"elementor-widget-container\">\n\t\t\t\t\t<div class=\"elementor-text-editor elementor-clearfix\"><p><b>Caroline Weineson minns <\/b>den f\u00f6rsta avbokningen. Det var den 4 mars 2020, en riktigt sn\u00f6ig dag. De som st\u00e4llde in var ett stort f\u00f6retag med deltagare fr\u00e5n bland annat Italien.<span class=\"Apple-converted-space\">\u00a0<\/span><\/p>\n<p>\u2013 P\u00e5 kontoret kommenterade vi att det var n\u00e5got som fr\u00e4mst verkade p\u00e5g\u00e5 l\u00e4ngre ner i Europa, men att det kanske skulle f\u00e5 vissa konsekvenser \u00e4ven f\u00f6r v\u00e5r verksamhet. Vi anade inte hur enormt omfattande det skulle bli.<\/p>\n<p>De f\u00f6ljande tre veckorna beskriver Caroline\u00a0Weineson, f\u00f6rs\u00e4ljningschef p\u00e5 V\u00e5r G\u00e5rd, som fruktansv\u00e4rda. Snart hade V\u00e5r G\u00e5rd tappat 75 procent av oms\u00e4ttningen.<span class=\"Apple-converted-space\">\u00a0<\/span><\/p>\n<p>\u2013 Vi fick st\u00e4nga in oss, st\u00e4nga av allt och ta hand om avbokningarna en efter en, s\u00e4ger hon. V\u00e5ren \u00e4r generellt en bra period och maj en av v\u00e5ra b\u00e4sta m\u00e5nader p\u00e5 \u00e5ret. Nu var det i stort sett tomt i b\u00e5de kalendern och i lokalerna. Vi jobbar h\u00e5rt f\u00f6r att optimera bel\u00e4ggningen och driva in varenda aff\u00e4r. Att se allt rasa var direkt sm\u00e4rtsamt.<span class=\"Apple-converted-space\">\u00a0<\/span><\/p>\n<p>I efterhand har teamet pratat mycket, b\u00e5de om hur det k\u00e4ndes men ocks\u00e5 vad de kunnat g\u00f6ra annorlunda.<span class=\"Apple-converted-space\">\u00a0<\/span><\/p>\n<p>\u2013 Nu fick vi beta av varje enskild situation och hann inte skapa n\u00e5gon policy: om vi till exempel\u00a0skulle ta en avbokningsavgift eller f\u00f6resl\u00e5 ombokningar. Men man m\u00e5ste ocks\u00e5 vara sn\u00e4ll mot sig sj\u00e4lv och inse att man inte kan ha en plan f\u00f6r allt. Precis alla blev tagna p\u00e5 s\u00e4ngen av kraften i den h\u00e4r pandemin.<\/p>\n<p>P\u00e5 fr\u00e5gan om vad Caroline Weineson personligen velat g\u00f6ra annorlunda kommer svaret utan bet\u00e4nketid:<\/p>\n<p>\u2013 N\u00e4sta g\u00e5ng kanske jag inte tar det s\u00e5 h\u00e5rt. Alla h\u00e4r \u00e4r s\u00e5 engagerade och baksidan \u00e4r att man tar motg\u00e5ngarna personligt.<\/p><\/div>\n\t\t\t\t<\/div>\n\t\t\t\t<\/div>\n\t\t\t\t\t\t<\/div>\n\t\t\t\t\t<\/div>\n\t\t<\/div>\n\t\t\t\t<div class=\"aux-parallax-section elementor-column elementor-col-25 elementor-top-column elementor-element elementor-element-486d849\" data-id=\"486d849\" data-element_type=\"column\">\n\t\t\t<div class=\"elementor-column-wrap elementor-element-populated\">\n\t\t\t\t\t\t\t<div class=\"elementor-widget-wrap\">\n\t\t\t\t\t\t<div class=\"elementor-element elementor-element-76ca5b2 elementor-widget elementor-widget-image\" data-id=\"76ca5b2\" data-element_type=\"widget\" data-widget_type=\"image.default\">\n\t\t\t\t<div class=\"elementor-widget-container\">\n\t\t\t\t\t<div class=\"elementor-image\">\n\t\t\t\t\t\t\t\t\t\t<img width=\"500\" height=\"500\" src=\"https:\/\/kf.se\/arsredovisning2020\/wp-content\/uploads\/2021\/02\/margaretabsandeback200914_MBS5566-kvadrat.jpg\" class=\"attachment-full size-full\" alt=\"\" loading=\"lazy\" \/>\t\t\t\t\t\t\t\t\t\t\t<\/div>\n\t\t\t\t<\/div>\n\t\t\t\t<\/div>\n\t\t\t\t<div class=\"elementor-element elementor-element-fefaaed elementor-blockquote--skin-quotation elementor-blockquote--align-center elementor-blockquote--button-color-custom aux-appear-watch-animation aux-fade-in-up-2 elementor-widget elementor-widget-blockquote\" data-id=\"fefaaed\" data-element_type=\"widget\" data-widget_type=\"blockquote.default\">\n\t\t\t\t<div class=\"elementor-widget-container\">\n\t\t\t\t\t<blockquote class=\"elementor-blockquote\">\n\t\t\t<p class=\"elementor-blockquote__content\">\n\t\t\t\tAtt se allt rasa var sm\u00e4rtsamt.\t\t\t<\/p>\n\t\t\t\t\t<\/blockquote>\n\t\t\t\t<\/div>\n\t\t\t\t<\/div>\n\t\t\t\t\t\t<\/div>\n\t\t\t\t\t<\/div>\n\t\t<\/div>\n\t\t\t\t\t\t\t\t<\/div>\n\t\t\t\t\t<\/div>\n\t\t<\/article>\n\t\t\t\t<article class=\"elementor-section elementor-top-section elementor-element elementor-element-f7242dd aux-appear-watch-animation aux-fade-in-up-2 elementor-section-boxed elementor-section-height-default elementor-section-height-default\" data-id=\"f7242dd\" data-element_type=\"section\">\n\t\t\t\t\t\t<div class=\"elementor-container elementor-column-gap-wide\">\n\t\t\t\t\t\t\t<div class=\"elementor-row\">\n\t\t\t\t\t<div class=\"aux-parallax-section elementor-column elementor-col-25 elementor-top-column elementor-element elementor-element-56527c5\" data-id=\"56527c5\" data-element_type=\"column\" data-settings=\"{&quot;background_background&quot;:&quot;classic&quot;}\">\n\t\t\t<div class=\"elementor-column-wrap elementor-element-populated\">\n\t\t\t\t\t\t\t<div class=\"elementor-widget-wrap\">\n\t\t\t\t\t\t<div class=\"elementor-element elementor-element-0a9407d elementor-widget elementor-widget-heading\" data-id=\"0a9407d\" data-element_type=\"widget\" data-widget_type=\"heading.default\">\n\t\t\t\t<div class=\"elementor-widget-container\">\n\t\t\t<h2 class=\"elementor-heading-title elementor-size-default\">h\u00f6sten<\/h2>\t\t<\/div>\n\t\t\t\t<\/div>\n\t\t\t\t\t\t<\/div>\n\t\t\t\t\t<\/div>\n\t\t<\/div>\n\t\t\t\t<div class=\"aux-parallax-section elementor-column elementor-col-50 elementor-top-column elementor-element elementor-element-baf8b3c\" data-id=\"baf8b3c\" data-element_type=\"column\">\n\t\t\t<div class=\"elementor-column-wrap elementor-element-populated\">\n\t\t\t\t\t\t\t<div class=\"elementor-widget-wrap\">\n\t\t\t\t\t\t<div class=\"elementor-element elementor-element-eacb18a elementor-widget elementor-widget-text-editor\" data-id=\"eacb18a\" data-element_type=\"widget\" data-widget_type=\"text-editor.default\">\n\t\t\t\t<div class=\"elementor-widget-container\">\n\t\t\t\t\t<div class=\"elementor-text-editor elementor-clearfix\"><p><b>I september \u00e5terv\u00e4nder\u00a0<\/b><b><\/b>framtidstron till V\u00e5r G\u00e5rd, resultatet av satsningarna b\u00f6rjar synas. I receptionen poppar alla nya erbjudanden upp p\u00e5 en stor sk\u00e4rm: familjemiddag, lunchyoga, lyxloppis, bakskola f\u00f6r barn, historisk sp\u00f6kvandring, v\u00e5ffelbrunch, hybridm\u00f6ten och dagkontor f\u00f6r hemmajobbare.<span class=\"Apple-converted-space\">\u00a0<\/span><\/p><p>Ett stenkast fr\u00e5n receptionen st\u00e5r bageriansvariga Josefine Baumann och konditorn Amanda Andersson i det ny\u00f6ppnade bageriet och ringlar ihop bullar i rasande tempo.<\/p><p>\u2013 Allt g\u00e5r fort nu. I fredags skurade vi v\u00e4ggarna, dagen efter \u00f6ppnade vi, s\u00e4ger Josefine Baumann.<\/p><p>Hon ser fram emot att utveckla bageriet och dess verksamhet.<\/p><p>\u2013 Jag gillar att g\u00f6ra t\u00e5rtor, s\u00e5 jag vill utveckla\u00a0t\u00e5rtsortimentet s\u00e5 att boende i n\u00e4rheten kan best\u00e4lla.<\/p><p>Josefines kollega Amanda Andersson har arbetat p\u00e5 V\u00e5r G\u00e5rd i mer \u00e4n fem \u00e5r. \u00c4ven om hon tycker att ovissheten och oron under v\u00e5ren var tuff s\u00e5 \u00e4r hon glad f\u00f6r alla f\u00f6r\u00e4ndringar som genomf\u00f6rs.<\/p><p>\u2013 Det \u00e4r en stor skillnad mot hur det var f\u00f6r fem \u00e5r sedan. Det \u00e4r som om jag har bytt jobb. Nu har vi bageriet, den nya loungen med kaf\u00e9feeling och massa\u00a0kunder fr\u00e5n Saltsj\u00f6baden. Det \u00e4r j\u00e4ttekul att f\u00e5 visa grannarna att vi finns och vad vi kan.<\/p><\/div>\n\t\t\t\t<\/div>\n\t\t\t\t<\/div>\n\t\t\t\t\t\t<\/div>\n\t\t\t\t\t<\/div>\n\t\t<\/div>\n\t\t\t\t<div class=\"aux-parallax-section elementor-column elementor-col-25 elementor-top-column elementor-element elementor-element-50889a8\" data-id=\"50889a8\" data-element_type=\"column\">\n\t\t\t<div class=\"elementor-column-wrap elementor-element-populated\">\n\t\t\t\t\t\t\t<div class=\"elementor-widget-wrap\">\n\t\t\t\t\t\t<div class=\"elementor-element elementor-element-a6c1df7 elementor-widget elementor-widget-image\" data-id=\"a6c1df7\" data-element_type=\"widget\" data-widget_type=\"image.default\">\n\t\t\t\t<div class=\"elementor-widget-container\">\n\t\t\t\t\t<div class=\"elementor-image\">\n\t\t\t\t\t\t\t\t\t\t<img width=\"768\" height=\"768\" src=\"https:\/\/kf.se\/arsredovisning2020\/wp-content\/uploads\/2021\/02\/margaretabsandeback200914_MBS4867-kadi-kvadrat-768x768.jpg\" class=\"attachment-medium_large size-medium_large\" alt=\"\" loading=\"lazy\" srcset=\"https:\/\/kf.se\/arsredovisning2020\/wp-content\/uploads\/2021\/02\/margaretabsandeback200914_MBS4867-kadi-kvadrat-768x768.jpg 768w, https:\/\/kf.se\/arsredovisning2020\/wp-content\/uploads\/2021\/02\/margaretabsandeback200914_MBS4867-kadi-kvadrat.jpg 838w\" sizes=\"(max-width: 768px) 100vw, 768px\" \/>\t\t\t\t\t\t\t\t\t\t\t<\/div>\n\t\t\t\t<\/div>\n\t\t\t\t<\/div>\n\t\t\t\t<div class=\"elementor-element elementor-element-1395f36 elementor-blockquote--skin-quotation elementor-blockquote--align-center elementor-blockquote--button-color-custom aux-appear-watch-animation aux-fade-in-up-2 elementor-widget elementor-widget-blockquote\" data-id=\"1395f36\" data-element_type=\"widget\" data-widget_type=\"blockquote.default\">\n\t\t\t\t<div class=\"elementor-widget-container\">\n\t\t\t\t\t<blockquote class=\"elementor-blockquote\">\n\t\t\t<p class=\"elementor-blockquote__content\">\n\t\t\t\tJag har f\u00e5tt en chans att styra V\u00e5r G\u00e5rd in i framtiden.\t\t\t<\/p>\n\t\t\t\t\t<\/blockquote>\n\t\t\t\t<\/div>\n\t\t\t\t<\/div>\n\t\t\t\t\t\t<\/div>\n\t\t\t\t\t<\/div>\n\t\t<\/div>\n\t\t\t\t\t\t\t\t<\/div>\n\t\t\t\t\t<\/div>\n\t\t<\/article>\n\t\t\t\t<section class=\"elementor-section elementor-top-section elementor-element elementor-element-06dfb21 elementor-section-boxed elementor-section-height-default elementor-section-height-default\" data-id=\"06dfb21\" data-element_type=\"section\">\n\t\t\t\t\t\t<div class=\"elementor-container elementor-column-gap-wide\">\n\t\t\t\t\t\t\t<div class=\"elementor-row\">\n\t\t\t\t\t<div class=\"aux-parallax-section elementor-column elementor-col-50 elementor-top-column elementor-element elementor-element-0d0f4e6\" data-id=\"0d0f4e6\" data-element_type=\"column\">\n\t\t\t<div class=\"elementor-column-wrap elementor-element-populated\">\n\t\t\t\t\t\t\t<div class=\"elementor-widget-wrap\">\n\t\t\t\t\t\t<div class=\"elementor-element elementor-element-98ab5f7 elementor-widget elementor-widget-image\" data-id=\"98ab5f7\" data-element_type=\"widget\" data-widget_type=\"image.default\">\n\t\t\t\t<div class=\"elementor-widget-container\">\n\t\t\t\t\t<div class=\"elementor-image\">\n\t\t\t\t\t\t\t\t\t\t<img src=\"https:\/\/kf.se\/arsredovisning2020\/wp-content\/uploads\/elementor\/thumbs\/margaretabsandeback200914_MBS5676-Edit-p43vtfa6ozc56odliqfavtyb3bjis3nnhvriertkts.jpg\" title=\"margaretabsandeback200914_MBS5676-Edit\" alt=\"margaretabsandeback200914_MBS5676-Edit\" \/>\t\t\t\t\t\t\t\t\t\t\t<\/div>\n\t\t\t\t<\/div>\n\t\t\t\t<\/div>\n\t\t\t\t<div class=\"elementor-element elementor-element-b2d5848 fakta elementor-widget elementor-widget-text-editor\" data-id=\"b2d5848\" data-element_type=\"widget\" data-widget_type=\"text-editor.default\">\n\t\t\t\t<div class=\"elementor-widget-container\">\n\t\t\t\t\t<div class=\"elementor-text-editor elementor-clearfix\"><p>Josefine Baumann och Amanda Andersson i det ny\u00f6ppnade bageriet trivs med alla nysatsningar.<\/p><\/div>\n\t\t\t\t<\/div>\n\t\t\t\t<\/div>\n\t\t\t\t\t\t<\/div>\n\t\t\t\t\t<\/div>\n\t\t<\/div>\n\t\t\t\t<div class=\"aux-parallax-section elementor-column elementor-col-50 elementor-top-column elementor-element elementor-element-7e3ee51\" data-id=\"7e3ee51\" data-element_type=\"column\">\n\t\t\t<div class=\"elementor-column-wrap elementor-element-populated\">\n\t\t\t\t\t\t\t<div class=\"elementor-widget-wrap\">\n\t\t\t\t\t\t<div class=\"elementor-element elementor-element-8ba257c elementor-widget elementor-widget-image\" data-id=\"8ba257c\" data-element_type=\"widget\" data-widget_type=\"image.default\">\n\t\t\t\t<div class=\"elementor-widget-container\">\n\t\t\t\t\t<div class=\"elementor-image\">\n\t\t\t\t\t\t\t\t\t\t<img src=\"https:\/\/kf.se\/arsredovisning2020\/wp-content\/uploads\/elementor\/thumbs\/margaretabsandeback200914_MBS4749-Edit-p43vpnxfcu6uqtu7h3x0ws3xju2nzoqaz9tlaxe9ps.jpg\" title=\"margaretabsandeback200914_MBS4749-Edit\" alt=\"margaretabsandeback200914_MBS4749-Edit\" \/>\t\t\t\t\t\t\t\t\t\t\t<\/div>\n\t\t\t\t<\/div>\n\t\t\t\t<\/div>\n\t\t\t\t<div class=\"elementor-element elementor-element-911c915 fakta elementor-widget elementor-widget-text-editor\" data-id=\"911c915\" data-element_type=\"widget\" data-widget_type=\"text-editor.default\">\n\t\t\t\t<div class=\"elementor-widget-container\">\n\t\t\t\t\t<div class=\"elementor-text-editor elementor-clearfix\"><p>Dags f\u00f6r invigning av nya loungen! M\u00e5nga har arbetat extra f\u00f6r att f\u00e5 till \u00f6ppningen.<\/p><\/div>\n\t\t\t\t<\/div>\n\t\t\t\t<\/div>\n\t\t\t\t\t\t<\/div>\n\t\t\t\t\t<\/div>\n\t\t<\/div>\n\t\t\t\t\t\t\t\t<\/div>\n\t\t\t\t\t<\/div>\n\t\t<\/section>\n\t\t\t\t<article class=\"elementor-section elementor-top-section elementor-element elementor-element-a891517 aux-appear-watch-animation aux-fade-in-up-2 elementor-section-boxed elementor-section-height-default elementor-section-height-default\" data-id=\"a891517\" data-element_type=\"section\">\n\t\t\t\t\t\t<div class=\"elementor-container elementor-column-gap-wide\">\n\t\t\t\t\t\t\t<div class=\"elementor-row\">\n\t\t\t\t\t<div class=\"aux-parallax-section elementor-column elementor-col-25 elementor-top-column elementor-element elementor-element-1abd453\" data-id=\"1abd453\" data-element_type=\"column\" data-settings=\"{&quot;background_background&quot;:&quot;classic&quot;}\">\n\t\t\t<div class=\"elementor-column-wrap\">\n\t\t\t\t\t\t\t<div class=\"elementor-widget-wrap\">\n\t\t\t\t\t\t\t\t<\/div>\n\t\t\t\t\t<\/div>\n\t\t<\/div>\n\t\t\t\t<div class=\"aux-parallax-section elementor-column elementor-col-50 elementor-top-column elementor-element elementor-element-8ba7f4b\" data-id=\"8ba7f4b\" data-element_type=\"column\">\n\t\t\t<div class=\"elementor-column-wrap elementor-element-populated\">\n\t\t\t\t\t\t\t<div class=\"elementor-widget-wrap\">\n\t\t\t\t\t\t<div class=\"elementor-element elementor-element-668b0ca elementor-widget elementor-widget-text-editor\" data-id=\"668b0ca\" data-element_type=\"widget\" data-widget_type=\"text-editor.default\">\n\t\t\t\t<div class=\"elementor-widget-container\">\n\t\t\t\t\t<div class=\"elementor-text-editor elementor-clearfix\"><p><b>Bageriet och loungen&nbsp;<\/b><b><\/b><b><\/b>med&nbsp;<span style=\"background-color: var( --e-global-color-6e9cb43 );\">den nya vinbaren&nbsp;<\/span><span style=\"background-color: var( --e-global-color-6e9cb43 );\">invigdes den 12 september, men f\u00f6rst tv\u00e5 dagar senare&nbsp;<\/span><span style=\"background-color: var( --e-global-color-6e9cb43 );\">hinner personalen fira sina bedrifter \u2013 medan febril verksamhet fortfarande p\u00e5g\u00e5r i huset. En grupp dukar upp bubbel samtidigt som barens provisoriska b\u00e4nkskiva byts ut mot en i marmor. Utanf\u00f6r f\u00f6nstret backar en kranbil in p\u00e5 g\u00e5rden och m\u00e4n i bl\u00e5st\u00e4ll baxar in tunga skivor. De kryssar f\u00f6rbi gruppen som samlats med champagneglas. \u201dVar \u00e4r k\u00f6ket?\u201d ropar n\u00e5gon. Kadi Upmark h\u00f6jer sitt glas.<\/span><\/p>\n<p>\u2013 Hj\u00e4rtligt tack f\u00f6r er insats under det senaste halv\u00e5ret \u2013 och f\u00f6r er enorma insats den senaste veckan, s\u00e4ger hon och \u00f6gonen fylls med t\u00e5rar.<span class=\"Apple-converted-space\">&nbsp;<\/span><\/p>\n<p>\u2013 Och jag som inte skulle b\u00f6rja gr\u00e5ta. Vi har skapat allt det h\u00e4r tillsammans, vi bygger v\u00e5r egen framtid. Jag vet att vi fixar det h\u00e4r. Sk\u00e5l!<\/p>\n<p>Personalen minglar i ett par minuter innan de rusar vidare. Br\u00f6d ska bakas, lunch f\u00f6rberedas och bord dukas.<span class=\"Apple-converted-space\">&nbsp;<\/span><\/p>\n<p>Caroline Weineson \u00e4r betydligt mer n\u00f6jd nu.<\/p>\n<p>\u2013 Just nu har V\u00e5r G\u00e5rd ett bra fl\u00f6de p\u00e5 mindre konferenser, \u00e4ven om det \u00e4r l\u00e5ngt ifr\u00e5n en normal h\u00f6st. Flera i n\u00e4romr\u00e5det har ocks\u00e5 delvis flyttat sina kontor hit, s\u00e5 \u00f6verlag har vi klarat oss b\u00e4ttre \u00e4n v\u00e5ra konkurrenter, just f\u00f6r att vi st\u00e4llde om \u00f6ver en natt. M\u00e5nga har st\u00e4ngt helt \u2013 eller vissa veckodagar \u2013 och varslat. Vi har tv\u00e4rtom gasat och nyanst\u00e4llt, s\u00e4ger hon.<span class=\"Apple-converted-space\">&nbsp;<\/span><\/p><\/div>\n\t\t\t\t<\/div>\n\t\t\t\t<\/div>\n\t\t\t\t\t\t<\/div>\n\t\t\t\t\t<\/div>\n\t\t<\/div>\n\t\t\t\t<div class=\"aux-parallax-section elementor-column elementor-col-25 elementor-top-column elementor-element elementor-element-8c8ce43 elementor-hidden-tablet elementor-hidden-phone\" data-id=\"8c8ce43\" data-element_type=\"column\">\n\t\t\t<div class=\"elementor-column-wrap\">\n\t\t\t\t\t\t\t<div class=\"elementor-widget-wrap\">\n\t\t\t\t\t\t\t\t<\/div>\n\t\t\t\t\t<\/div>\n\t\t<\/div>\n\t\t\t\t\t\t\t\t<\/div>\n\t\t\t\t\t<\/div>\n\t\t<\/article>\n\t\t\t\t<section class=\"elementor-section elementor-top-section elementor-element elementor-element-7927e73 aux-appear-watch-animation aux-fade-in-up-2 elementor-section-boxed elementor-section-height-default elementor-section-height-default\" data-id=\"7927e73\" data-element_type=\"section\">\n\t\t\t\t\t\t<div class=\"elementor-container elementor-column-gap-wide\">\n\t\t\t\t\t\t\t<div class=\"elementor-row\">\n\t\t\t\t\t<div class=\"aux-parallax-section elementor-column elementor-col-50 elementor-top-column elementor-element elementor-element-817b3bb\" data-id=\"817b3bb\" data-element_type=\"column\">\n\t\t\t<div class=\"elementor-column-wrap elementor-element-populated\">\n\t\t\t\t\t\t\t<div class=\"elementor-widget-wrap\">\n\t\t\t\t\t\t<div class=\"elementor-element elementor-element-a493221 elementor-widget elementor-widget-image\" data-id=\"a493221\" data-element_type=\"widget\" data-widget_type=\"image.default\">\n\t\t\t\t<div class=\"elementor-widget-container\">\n\t\t\t\t\t<div class=\"elementor-image\">\n\t\t\t\t\t\t\t\t\t\t<img src=\"https:\/\/kf.se\/arsredovisning2020\/wp-content\/uploads\/elementor\/thumbs\/margaretabsandeback200914_MBS5275-Edit-p43vrxpc60w1i6nwf0rp6al98p7l2174wzvw2ia2y8.jpg\" title=\"margaretabsandeback200914_MBS5275-Edit\" alt=\"margaretabsandeback200914_MBS5275-Edit\" \/>\t\t\t\t\t\t\t\t\t\t\t<\/div>\n\t\t\t\t<\/div>\n\t\t\t\t<\/div>\n\t\t\t\t<div class=\"elementor-element elementor-element-b8efc2f fakta elementor-widget elementor-widget-text-editor\" data-id=\"b8efc2f\" data-element_type=\"widget\" data-widget_type=\"text-editor.default\">\n\t\t\t\t<div class=\"elementor-widget-container\">\n\t\t\t\t\t<div class=\"elementor-text-editor elementor-clearfix\"><p>N\u00e4r pandemin slog till passade V\u00e5r G\u00e5rd p\u00e5 att st\u00e4nga och renovera Villa Sk\u00e4rtofta.<\/p><\/div>\n\t\t\t\t<\/div>\n\t\t\t\t<\/div>\n\t\t\t\t\t\t<\/div>\n\t\t\t\t\t<\/div>\n\t\t<\/div>\n\t\t\t\t<div class=\"aux-parallax-section elementor-column elementor-col-50 elementor-top-column elementor-element elementor-element-fde29d7\" data-id=\"fde29d7\" data-element_type=\"column\">\n\t\t\t<div class=\"elementor-column-wrap elementor-element-populated\">\n\t\t\t\t\t\t\t<div class=\"elementor-widget-wrap\">\n\t\t\t\t\t\t<div class=\"elementor-element elementor-element-0b85dea elementor-widget elementor-widget-image\" data-id=\"0b85dea\" data-element_type=\"widget\" data-widget_type=\"image.default\">\n\t\t\t\t<div class=\"elementor-widget-container\">\n\t\t\t\t\t<div class=\"elementor-image\">\n\t\t\t\t\t\t\t\t\t\t<img src=\"https:\/\/kf.se\/arsredovisning2020\/wp-content\/uploads\/elementor\/thumbs\/margaretabsandeback200914_MBS5311-Edit-p43vs3cdb13rfufpi37gl960t0fsc7tixrssy61pww.jpg\" title=\"margaretabsandeback200914_MBS5311-Edit\" alt=\"margaretabsandeback200914_MBS5311-Edit\" \/>\t\t\t\t\t\t\t\t\t\t\t<\/div>\n\t\t\t\t<\/div>\n\t\t\t\t<\/div>\n\t\t\t\t<div class=\"elementor-element elementor-element-728fa4f fakta elementor-widget elementor-widget-text-editor\" data-id=\"728fa4f\" data-element_type=\"widget\" data-widget_type=\"text-editor.default\">\n\t\t\t\t<div class=\"elementor-widget-container\">\n\t\t\t\t\t<div class=\"elementor-text-editor elementor-clearfix\"><p>\u00d6verallt i de vackra lokalerna sitter distansarbetare\u00a0\u2013 p\u00e5 beh\u00f6rigt avst\u00e5nd fr\u00e5n varandra.<\/p><\/div>\n\t\t\t\t<\/div>\n\t\t\t\t<\/div>\n\t\t\t\t\t\t<\/div>\n\t\t\t\t\t<\/div>\n\t\t<\/div>\n\t\t\t\t\t\t\t\t<\/div>\n\t\t\t\t\t<\/div>\n\t\t<\/section>\n\t\t\t\t<article class=\"elementor-section elementor-top-section elementor-element elementor-element-add9c68 aux-appear-watch-animation aux-fade-in-up-2 elementor-section-boxed elementor-section-height-default elementor-section-height-default\" data-id=\"add9c68\" data-element_type=\"section\">\n\t\t\t\t\t\t<div class=\"elementor-container elementor-column-gap-wide\">\n\t\t\t\t\t\t\t<div class=\"elementor-row\">\n\t\t\t\t\t<div class=\"aux-parallax-section elementor-column elementor-col-25 elementor-top-column elementor-element elementor-element-9e3b49d elementor-hidden-tablet elementor-hidden-phone\" data-id=\"9e3b49d\" data-element_type=\"column\" data-settings=\"{&quot;background_background&quot;:&quot;classic&quot;}\">\n\t\t\t<div class=\"elementor-column-wrap\">\n\t\t\t\t\t\t\t<div class=\"elementor-widget-wrap\">\n\t\t\t\t\t\t\t\t<\/div>\n\t\t\t\t\t<\/div>\n\t\t<\/div>\n\t\t\t\t<div class=\"aux-parallax-section elementor-column elementor-col-50 elementor-top-column elementor-element elementor-element-5a37d7b\" data-id=\"5a37d7b\" data-element_type=\"column\">\n\t\t\t<div class=\"elementor-column-wrap elementor-element-populated\">\n\t\t\t\t\t\t\t<div class=\"elementor-widget-wrap\">\n\t\t\t\t\t\t<div class=\"elementor-element elementor-element-bd108a7 elementor-widget elementor-widget-text-editor\" data-id=\"bd108a7\" data-element_type=\"widget\" data-widget_type=\"text-editor.default\">\n\t\t\t\t<div class=\"elementor-widget-container\">\n\t\t\t\t\t<div class=\"elementor-text-editor elementor-clearfix\"><p><b>Vid sidan av Josefine Baumann<\/b> i bageriet ing\u00e5r \u00e4ven <i>food &amp; beverage<\/i>-managern Liam Ginnane\u00a0i nysatsningen. Enkelt uttryckt \u00e4r han ansvarig f\u00f6r utvecklingen av k\u00f6k, servis, bar, bageri och konferensfika. Han kommer fr\u00e5n en chefsposition p\u00e5 en av Sveriges mest v\u00e4lrenommerade restaurangkedjor och bor i n\u00e4romr\u00e5det.<\/p><p>\u2013 Jag tycker att det \u00e4r starkt och modigt att passa p\u00e5 att g\u00f6ra alla f\u00f6r\u00e4ndringar just nu, s\u00e4ger han. Samtidigt \u00e4r det begripligt att f\u00f6r\u00e4ndringarna inte har gjorts tidigare. V\u00e5r G\u00e5rd har alltid varit bra p\u00e5 konferenser och det har varit fullbokat.<span class=\"Apple-converted-space\">\u00a0<\/span><\/p><p>Extra glad \u00e4r Liam Ginnane f\u00f6r den ny\u00f6ppnade vinbaren, d\u00e4r devisen \u2013 liksom i k\u00f6ket \u2013 \u00e4r \u201d<i>No waste, just taste<\/i>\u201d.<\/p><p>\u2013 V\u00e5r G\u00e5rd har en stor och extremt bra vink\u00e4llare, s\u00e5 vi beh\u00f6ver inte ens k\u00f6pa in n\u00e5got f\u00f6r att ha en vinbar, utan kan jobba med de fantastiska resurser vi har.<\/p><p>Att vara nyanst\u00e4lld och dessutom leda en stor omorganisation under en pandemi kan f\u00e5 den mest h\u00e5rdhudade att tappa modet. Men Liam Ginnane tror att han tv\u00e4rtom kommer att t\u00e4nka tillbaka p\u00e5 den h\u00e4r tiden med gl\u00e4dje.<\/p><p>\u2013 Jag har absolut f\u00f6rst\u00e5else f\u00f6r att v\u00e4rlden befinner\u00a0sig i en stor kris. Men tack vare krisen fick jag det h\u00e4r jobbet. Jag har f\u00e5tt en chans att styra V\u00e5r G\u00e5rd in i framtiden, vinbaren och bageriet \u00e4r bara b\u00f6rjan. Om n\u00e5gra \u00e5r tror jag att V\u00e5r G\u00e5rd kommer att vara n\u00e5got\u00a0<span style=\"background-color: var( --e-global-color-6e9cb43 );\">annat \u00e4n vad det \u00e4r i dag.<\/span>\u00a0<\/p><p>Omst\u00e4llningen \u00e4r dock l\u00e5ngt ifr\u00e5n okomplicerad\u00a0f\u00f6r alla. V\u00e5r G\u00e5rd har alltid varit en konferensanl\u00e4ggning, en traditionell kursg\u00e5rd. Personalen \u00e4r van vid scheman som g\u00e5r fr\u00e5n m\u00e5ndag till fredag.<span class=\"Apple-converted-space\">\u00a0<\/span><\/p><p>\u2013 P\u00e5 ett s\u00e4tt \u00e4r det enkelt att jobba med konferenser n\u00e4r rutinerna v\u00e4l sitter, s\u00e4ger Kadi Upmark. Lite f\u00f6renklat g\u00f6r man punktinsatser vid fika, lunch och middag och har det ganska lugnt d\u00e4remellan.<\/p><\/div>\n\t\t\t\t<\/div>\n\t\t\t\t<\/div>\n\t\t\t\t<div class=\"elementor-element elementor-element-8aae711 elementor-widget elementor-widget-image\" data-id=\"8aae711\" data-element_type=\"widget\" data-widget_type=\"image.default\">\n\t\t\t\t<div class=\"elementor-widget-container\">\n\t\t\t\t\t<div class=\"elementor-image\">\n\t\t\t\t\t\t\t\t\t\t<img src=\"https:\/\/kf.se\/arsredovisning2020\/wp-content\/uploads\/elementor\/thumbs\/margaretabsandeback200914_MBS5458-Edit-p43vsm535ju5pispxn2wyclx0z2ddz15rm2z8ug5fk.jpg\" title=\"margaretabsandeback200914_MBS5458-Edit\" alt=\"margaretabsandeback200914_MBS5458-Edit\" \/>\t\t\t\t\t\t\t\t\t\t\t<\/div>\n\t\t\t\t<\/div>\n\t\t\t\t<\/div>\n\t\t\t\t<div class=\"elementor-element elementor-element-941e5f6 fakta elementor-widget elementor-widget-text-editor\" data-id=\"941e5f6\" data-element_type=\"widget\" data-widget_type=\"text-editor.default\">\n\t\t\t\t<div class=\"elementor-widget-container\">\n\t\t\t\t\t<div class=\"elementor-text-editor elementor-clearfix\"><p>Alla har inte p\u00e5verkats lika mycket av pandemin. Naturen \u00e4r sig lik, och tr\u00e4dg\u00e5rdsarbetet likas\u00e5, menar Anders Gr\u00f6nqvist.<\/p><\/div>\n\t\t\t\t<\/div>\n\t\t\t\t<\/div>\n\t\t\t\t<div class=\"elementor-element elementor-element-6b19891 elementor-widget elementor-widget-text-editor\" data-id=\"6b19891\" data-element_type=\"widget\" data-widget_type=\"text-editor.default\">\n\t\t\t\t<div class=\"elementor-widget-container\">\n\t\t\t\t\t<div class=\"elementor-text-editor elementor-clearfix\"><p>Med den rekordsnabba f\u00f6r\u00e4ndringen har V\u00e5r G\u00e5rd numera \u00f6ppet \u00e4ven helger. Det ska g\u00e5 att best\u00e4lla fika, dryck och mat fr\u00e5n sju p\u00e5 morgonen till elva p\u00e5 kv\u00e4llen. G\u00e4sterna som sitter och jobbar i lobbyn, \u00e4ter familjemiddag p\u00e5 helgen eller bokar en weekend p\u00e5 hotellet efterfr\u00e5gar en annan service och personalen beh\u00f6ver vara p\u00e5 t\u00e5rna hela tiden.<\/p><p>Detta har kr\u00e4vt flera interna diskussioner om vilka som \u00e4r med p\u00e5 t\u00e5get \u2013 och vad det inneb\u00e4r.<\/p><p>\u2013 Jag f\u00f6rst\u00e5r att det \u00e4r motigt n\u00e4r man har arbetat h\u00e4r i 20 \u00e5r och pl\u00f6tsligt m\u00e5ste jobba helgkv\u00e4ll. Men alla m\u00e5ste inse att vi har j\u00e4ttetur med v\u00e5ra \u00e4gare som tror p\u00e5 oss och vill investera, n\u00e4r resten av branschen st\u00e4nger ner, s\u00e4ger Kadi Upmark och till\u00e4gger att hon tror att hennes pragmatiska personlighet \u00e4r en tillg\u00e5ng i kristider. Grundfilosofin \u00e4r att lugnt och konstruktivt f\u00f6rs\u00f6ka prioritera r\u00e4tt saker i r\u00e4tt tid.<\/p><p>\u2013 Ibland har min envisa utvecklingsvilja drivit folk till vansinne, men i l\u00e4ngden har det mest varit en styrka. Kalla mig naiv, men jag tror p\u00e5 V\u00e5r G\u00e5rds framtidsvision och att vi kommer att ta oss\u00a0<span style=\"background-color: var( --e-global-color-6e9cb43 );\">igenom detta. Visst har det varit sv\u00e5rt i \u00e5r, flera har g\u00e5tt in i v\u00e4ggen. D\u00e5 \u00e4r det viktigt att vara l\u00f6sningsorienterad, s\u00e5 man skapar lugn i st\u00e4llet f\u00f6r kaos.<\/span><\/p><\/div>\n\t\t\t\t<\/div>\n\t\t\t\t<\/div>\n\t\t\t\t\t\t<\/div>\n\t\t\t\t\t<\/div>\n\t\t<\/div>\n\t\t\t\t<div class=\"aux-parallax-section elementor-column elementor-col-25 elementor-top-column elementor-element elementor-element-16664db\" data-id=\"16664db\" data-element_type=\"column\">\n\t\t\t<div class=\"elementor-column-wrap\">\n\t\t\t\t\t\t\t<div class=\"elementor-widget-wrap\">\n\t\t\t\t\t\t\t\t<\/div>\n\t\t\t\t\t<\/div>\n\t\t<\/div>\n\t\t\t\t\t\t\t\t<\/div>\n\t\t\t\t\t<\/div>\n\t\t<\/article>\n\t\t\t\t<section class=\"elementor-section elementor-top-section elementor-element elementor-element-9c296b9 elementor-section-boxed elementor-section-height-default elementor-section-height-default\" data-id=\"9c296b9\" data-element_type=\"section\">\n\t\t\t\t\t\t<div class=\"elementor-container elementor-column-gap-wide\">\n\t\t\t\t\t\t\t<div class=\"elementor-row\">\n\t\t\t\t\t<div class=\"aux-parallax-section elementor-column elementor-col-33 elementor-top-column elementor-element elementor-element-5c11f55 aux-appear-watch-animation aux-fade-in-up\" data-id=\"5c11f55\" data-element_type=\"column\">\n\t\t\t<div class=\"elementor-column-wrap elementor-element-populated\">\n\t\t\t\t\t\t\t<div class=\"elementor-widget-wrap\">\n\t\t\t\t\t\t<div class=\"elementor-element elementor-element-524e64e elementor-widget elementor-widget-image\" data-id=\"524e64e\" data-element_type=\"widget\" data-widget_type=\"image.default\">\n\t\t\t\t<div class=\"elementor-widget-container\">\n\t\t\t\t\t<div class=\"elementor-image\">\n\t\t\t\t\t\t\t\t\t\t<img src=\"https:\/\/kf.se\/arsredovisning2020\/wp-content\/uploads\/elementor\/thumbs\/margaretabsandeback200914_MBS5642-Edit-p43vt9n1weqbrrul4f8l6oofvlujqemg6ue48rhb40.jpg\" title=\"margaretabsandeback200914_MBS5642-Edit\" alt=\"margaretabsandeback200914_MBS5642-Edit\" \/>\t\t\t\t\t\t\t\t\t\t\t<\/div>\n\t\t\t\t<\/div>\n\t\t\t\t<\/div>\n\t\t\t\t<div class=\"elementor-element elementor-element-8f729db fakta elementor-widget elementor-widget-text-editor\" data-id=\"8f729db\" data-element_type=\"widget\" data-widget_type=\"text-editor.default\">\n\t\t\t\t<div class=\"elementor-widget-container\">\n\t\t\t\t\t<div class=\"elementor-text-editor elementor-clearfix\"><p>Numera kan de boende i n\u00e4romr\u00e5det sv\u00e4nga f\u00f6rbi och k\u00f6pa V\u00e5r G\u00e5rds fantastiska bullar.<\/p><\/div>\n\t\t\t\t<\/div>\n\t\t\t\t<\/div>\n\t\t\t\t\t\t<\/div>\n\t\t\t\t\t<\/div>\n\t\t<\/div>\n\t\t\t\t<div class=\"aux-parallax-section elementor-column elementor-col-33 elementor-top-column elementor-element elementor-element-5b838ea aux-appear-watch-animation aux-fade-in-up-1\" data-id=\"5b838ea\" data-element_type=\"column\">\n\t\t\t<div class=\"elementor-column-wrap elementor-element-populated\">\n\t\t\t\t\t\t\t<div class=\"elementor-widget-wrap\">\n\t\t\t\t\t\t<div class=\"elementor-element elementor-element-9bab5d8 elementor-widget elementor-widget-image\" data-id=\"9bab5d8\" data-element_type=\"widget\" data-widget_type=\"image.default\">\n\t\t\t\t<div class=\"elementor-widget-container\">\n\t\t\t\t\t<div class=\"elementor-image\">\n\t\t\t\t\t\t\t\t\t\t<img src=\"https:\/\/kf.se\/arsredovisning2020\/wp-content\/uploads\/elementor\/thumbs\/margaretabsandeback200914_MBS5369-Edit-p43vs9x6opdfilagwzsrjxoxayqllwondxlo08y9og.jpg\" title=\"margaretabsandeback200914_MBS5369-Edit\" alt=\"margaretabsandeback200914_MBS5369-Edit\" \/>\t\t\t\t\t\t\t\t\t\t\t<\/div>\n\t\t\t\t<\/div>\n\t\t\t\t<\/div>\n\t\t\t\t<div class=\"elementor-element elementor-element-be57939 fakta elementor-widget elementor-widget-text-editor\" data-id=\"be57939\" data-element_type=\"widget\" data-widget_type=\"text-editor.default\">\n\t\t\t\t<div class=\"elementor-widget-container\">\n\t\t\t\t\t<div class=\"elementor-text-editor elementor-clearfix\"><p>Liam Ginnane har skapat en vinbar med hj\u00e4lp av allt som redan finns i vink\u00e4llaren.<\/p><\/div>\n\t\t\t\t<\/div>\n\t\t\t\t<\/div>\n\t\t\t\t\t\t<\/div>\n\t\t\t\t\t<\/div>\n\t\t<\/div>\n\t\t\t\t<div class=\"aux-parallax-section elementor-column elementor-col-33 elementor-top-column elementor-element elementor-element-d6d0177 aux-appear-watch-animation aux-fade-in-up-2\" data-id=\"d6d0177\" data-element_type=\"column\">\n\t\t\t<div class=\"elementor-column-wrap elementor-element-populated\">\n\t\t\t\t\t\t\t<div class=\"elementor-widget-wrap\">\n\t\t\t\t\t\t<div class=\"elementor-element elementor-element-3d07b8a elementor-widget elementor-widget-image\" data-id=\"3d07b8a\" data-element_type=\"widget\" data-widget_type=\"image.default\">\n\t\t\t\t<div class=\"elementor-widget-container\">\n\t\t\t\t\t<div class=\"elementor-image\">\n\t\t\t\t\t\t\t\t\t\t<img src=\"https:\/\/kf.se\/arsredovisning2020\/wp-content\/uploads\/elementor\/thumbs\/margaretabsandeback200914_MBS5067-Edit-p43vrinv6ic45we2c60l1mkk2sgyeoofm6ol382oow.jpg\" title=\"margaretabsandeback200914_MBS5067-Edit\" alt=\"margaretabsandeback200914_MBS5067-Edit\" \/>\t\t\t\t\t\t\t\t\t\t\t<\/div>\n\t\t\t\t<\/div>\n\t\t\t\t<\/div>\n\t\t\t\t<div class=\"elementor-element elementor-element-26acef5 fakta elementor-widget elementor-widget-text-editor\" data-id=\"26acef5\" data-element_type=\"widget\" data-widget_type=\"text-editor.default\">\n\t\t\t\t<div class=\"elementor-widget-container\">\n\t\t\t\t\t<div class=\"elementor-text-editor elementor-clearfix\"><p>V\u00e5r G\u00e5rds souschef Anne Klingberg. Under 2021 \u00e4r hon tj\u00e4nstledig f\u00f6r studier.<\/p><\/div>\n\t\t\t\t<\/div>\n\t\t\t\t<\/div>\n\t\t\t\t\t\t<\/div>\n\t\t\t\t\t<\/div>\n\t\t<\/div>\n\t\t\t\t\t\t\t\t<\/div>\n\t\t\t\t\t<\/div>\n\t\t<\/section>\n\t\t\t\t<article class=\"elementor-section elementor-top-section elementor-element elementor-element-0480657 aux-appear-watch-animation aux-fade-in-up-2 elementor-section-boxed elementor-section-height-default elementor-section-height-default\" data-id=\"0480657\" data-element_type=\"section\">\n\t\t\t\t\t\t<div class=\"elementor-container elementor-column-gap-wide\">\n\t\t\t\t\t\t\t<div class=\"elementor-row\">\n\t\t\t\t\t<div class=\"aux-parallax-section elementor-column elementor-col-25 elementor-top-column elementor-element elementor-element-36d75a3 elementor-hidden-tablet elementor-hidden-phone\" data-id=\"36d75a3\" data-element_type=\"column\" data-settings=\"{&quot;background_background&quot;:&quot;classic&quot;}\">\n\t\t\t<div class=\"elementor-column-wrap\">\n\t\t\t\t\t\t\t<div class=\"elementor-widget-wrap\">\n\t\t\t\t\t\t\t\t<\/div>\n\t\t\t\t\t<\/div>\n\t\t<\/div>\n\t\t\t\t<div class=\"aux-parallax-section elementor-column elementor-col-50 elementor-top-column elementor-element elementor-element-afaaf08\" data-id=\"afaaf08\" data-element_type=\"column\">\n\t\t\t<div class=\"elementor-column-wrap elementor-element-populated\">\n\t\t\t\t\t\t\t<div class=\"elementor-widget-wrap\">\n\t\t\t\t\t\t<div class=\"elementor-element elementor-element-2ca8b0e elementor-widget elementor-widget-text-editor\" data-id=\"2ca8b0e\" data-element_type=\"widget\" data-widget_type=\"text-editor.default\">\n\t\t\t\t<div class=\"elementor-widget-container\">\n\t\t\t\t\t<div class=\"elementor-text-editor elementor-clearfix\"><p><b>Medan f\u00f6rs\u00e4ljningsavdelningens <\/b><span style=\"background-color: var( --e-global-color-6e9cb43 );\">tillvaro har st\u00e4llts p\u00e5 \u00e4nda s\u00e5 har tr\u00e4dg\u00e5rdsm\u00e4stare Anders Gr\u00f6nqvist knappt m\u00e4rkt av f\u00f6r\u00e4ndringarna alls. Naturen \u00e4r sig lik, \u00e5rstiderna likas\u00e5. Blommor ska odlas, l\u00f6v krattas, gr\u00e4s klippas och gr\u00f6nsaker sk\u00f6rdas. Han har mycket att g\u00f6ra, men \u00e4r n\u00e4stan aldrig stressad. Dagen innan har han g\u00e5tt 27\u2009000 steg under arbetstid, personligt rekord. Anders Gr\u00f6nqvist har vandrat runt p\u00e5 V\u00e5r G\u00e5rds marker i \u00f6ver 25 \u00e5r.<\/span><br><\/p>\n<p>\u2013 I v\u00e5ras br\u00f6t den ena efter den andra ihop d\u00e4rinne och det k\u00e4ndes n\u00e4stan konstigt att jag kunde jobba p\u00e5 helt ober\u00f6rd. Mina arbetsuppgifter p\u00e5verkas inte av antalet g\u00e4ster. Oavsett om det \u00e4r fullbokat eller folktomt p\u00e5 grund av corona m\u00e5ste tr\u00e4dg\u00e5rden sk\u00f6tas. Men jag hoppas ju verkligen att vi slipper en andra v\u00e5g.<\/p><\/div>\n\t\t\t\t<\/div>\n\t\t\t\t<\/div>\n\t\t\t\t\t\t<\/div>\n\t\t\t\t\t<\/div>\n\t\t<\/div>\n\t\t\t\t<div class=\"aux-parallax-section elementor-column elementor-col-25 elementor-top-column elementor-element elementor-element-1463f44 elementor-hidden-tablet elementor-hidden-phone\" data-id=\"1463f44\" data-element_type=\"column\">\n\t\t\t<div class=\"elementor-column-wrap\">\n\t\t\t\t\t\t\t<div class=\"elementor-widget-wrap\">\n\t\t\t\t\t\t\t\t<\/div>\n\t\t\t\t\t<\/div>\n\t\t<\/div>\n\t\t\t\t\t\t\t\t<\/div>\n\t\t\t\t\t<\/div>\n\t\t<\/article>\n\t\t\t\t<section class=\"elementor-section elementor-top-section elementor-element elementor-element-bd0b10a aux-appear-watch-animation aux-fade-in-up-2 elementor-section-boxed elementor-section-height-default elementor-section-height-default\" data-id=\"bd0b10a\" data-element_type=\"section\">\n\t\t\t\t\t\t<div class=\"elementor-container elementor-column-gap-wide\">\n\t\t\t\t\t\t\t<div class=\"elementor-row\">\n\t\t\t\t\t<div class=\"aux-parallax-section elementor-column elementor-col-50 elementor-top-column elementor-element elementor-element-45fa2ad\" data-id=\"45fa2ad\" data-element_type=\"column\">\n\t\t\t<div class=\"elementor-column-wrap elementor-element-populated\">\n\t\t\t\t\t\t\t<div class=\"elementor-widget-wrap\">\n\t\t\t\t\t\t<div class=\"elementor-element elementor-element-80e9bc2 elementor-widget elementor-widget-image\" data-id=\"80e9bc2\" data-element_type=\"widget\" data-widget_type=\"image.default\">\n\t\t\t\t<div class=\"elementor-widget-container\">\n\t\t\t\t\t<div class=\"elementor-image\">\n\t\t\t\t\t\t\t\t\t\t<img src=\"https:\/\/kf.se\/arsredovisning2020\/wp-content\/uploads\/elementor\/thumbs\/margaretabsandeback200914_MBS5010-Edit-p43vrdyq6i65nk55aflga58ljata45z5196d1m5ao0.jpg\" title=\"margaretabsandeback200914_MBS5010-Edit\" alt=\"margaretabsandeback200914_MBS5010-Edit\" \/>\t\t\t\t\t\t\t\t\t\t\t<\/div>\n\t\t\t\t<\/div>\n\t\t\t\t<\/div>\n\t\t\t\t<div class=\"elementor-element elementor-element-56295c0 fakta elementor-widget elementor-widget-text-editor\" data-id=\"56295c0\" data-element_type=\"widget\" data-widget_type=\"text-editor.default\">\n\t\t\t\t<div class=\"elementor-widget-container\">\n\t\t\t\t\t<div class=\"elementor-text-editor elementor-clearfix\"><p>Det ny\u00f6ppnade bageriets f\u00f6nster vetter in mot loungen s\u00e5 att g\u00e4sterna kan f\u00f6lja arbetet.<\/p><\/div>\n\t\t\t\t<\/div>\n\t\t\t\t<\/div>\n\t\t\t\t\t\t<\/div>\n\t\t\t\t\t<\/div>\n\t\t<\/div>\n\t\t\t\t<div class=\"aux-parallax-section elementor-column elementor-col-50 elementor-top-column elementor-element elementor-element-4717514\" data-id=\"4717514\" data-element_type=\"column\">\n\t\t\t<div class=\"elementor-column-wrap elementor-element-populated\">\n\t\t\t\t\t\t\t<div class=\"elementor-widget-wrap\">\n\t\t\t\t\t\t<div class=\"elementor-element elementor-element-1215e7c elementor-widget elementor-widget-image\" data-id=\"1215e7c\" data-element_type=\"widget\" data-widget_type=\"image.default\">\n\t\t\t\t<div class=\"elementor-widget-container\">\n\t\t\t\t\t<div class=\"elementor-image\">\n\t\t\t\t\t\t\t\t\t\t<img src=\"https:\/\/kf.se\/arsredovisning2020\/wp-content\/uploads\/elementor\/thumbs\/margaretabsandeback200914_MBS5255-Edit-p43vrs2b10pghpko03outjoig2vsbmj436yn8rke2o.jpg\" title=\"margaretabsandeback200914_MBS5255-Edit\" alt=\"margaretabsandeback200914_MBS5255-Edit\" \/>\t\t\t\t\t\t\t\t\t\t\t<\/div>\n\t\t\t\t<\/div>\n\t\t\t\t<\/div>\n\t\t\t\t<div class=\"elementor-element elementor-element-28bfe0b fakta elementor-widget elementor-widget-text-editor\" data-id=\"28bfe0b\" data-element_type=\"widget\" data-widget_type=\"text-editor.default\">\n\t\t\t\t<div class=\"elementor-widget-container\">\n\t\t\t\t\t<div class=\"elementor-text-editor elementor-clearfix\"><p>Mattias Hyllengren och Josefine Frej <br \/>f\u00f6rbereder lunch till dagens g\u00e4ster p\u00e5 V\u00e5r G\u00e5rd.<\/p><\/div>\n\t\t\t\t<\/div>\n\t\t\t\t<\/div>\n\t\t\t\t\t\t<\/div>\n\t\t\t\t\t<\/div>\n\t\t<\/div>\n\t\t\t\t\t\t\t\t<\/div>\n\t\t\t\t\t<\/div>\n\t\t<\/section>\n\t\t\t\t<article class=\"elementor-section elementor-top-section elementor-element elementor-element-4a33d59 aux-appear-watch-animation aux-fade-in-up-2 elementor-section-boxed elementor-section-height-default elementor-section-height-default\" data-id=\"4a33d59\" data-element_type=\"section\">\n\t\t\t\t\t\t<div class=\"elementor-container elementor-column-gap-wide\">\n\t\t\t\t\t\t\t<div class=\"elementor-row\">\n\t\t\t\t\t<div class=\"aux-parallax-section elementor-column elementor-col-25 elementor-top-column elementor-element elementor-element-cc67ffd\" data-id=\"cc67ffd\" data-element_type=\"column\" data-settings=\"{&quot;background_background&quot;:&quot;classic&quot;}\">\n\t\t\t<div class=\"elementor-column-wrap\">\n\t\t\t\t\t\t\t<div class=\"elementor-widget-wrap\">\n\t\t\t\t\t\t\t\t<\/div>\n\t\t\t\t\t<\/div>\n\t\t<\/div>\n\t\t\t\t<div class=\"aux-parallax-section elementor-column elementor-col-50 elementor-top-column elementor-element elementor-element-be1792a\" data-id=\"be1792a\" data-element_type=\"column\">\n\t\t\t<div class=\"elementor-column-wrap elementor-element-populated\">\n\t\t\t\t\t\t\t<div class=\"elementor-widget-wrap\">\n\t\t\t\t\t\t<div class=\"elementor-element elementor-element-f16aa92 elementor-widget elementor-widget-text-editor\" data-id=\"f16aa92\" data-element_type=\"widget\" data-widget_type=\"text-editor.default\">\n\t\t\t\t<div class=\"elementor-widget-container\">\n\t\t\t\t\t<div class=\"elementor-text-editor elementor-clearfix\"><p><b>I september upprepar<\/b> samtliga vi tr\u00e4ffar\u00a0p\u00e5 V\u00e5r G\u00e5rd samma budskap: \u201dAllt \u00e4r p\u00e5 v\u00e4g att bli b\u00e4ttre \u2013 bara det inte kommer en andra v\u00e5g.\u201d Du som l\u00e4ser det h\u00e4r vet vad som h\u00e4nde. I oktober var pandemins andra v\u00e5g ett faktum. Den 24 november inf\u00f6rdes \u00e5ttapersonersregeln vid allm\u00e4nna<br \/>sammankomster och 18 december kom f\u00f6rbud mot alkoholservering efter 20.00. F\u00f6r V\u00e5r G\u00e5rd innebar det \u00e5terigen avbokade m\u00f6ten och konferenser.<\/p><p>\u2013 N\u00e5gra dagar i h\u00f6stas k\u00e4ndes det tr\u00f6stl\u00f6st, s\u00e4ger Kadi Upmark n\u00e4r vi h\u00f6rs i december. Kraften rann ur oss alla, tror jag. Hur l\u00e4nge ska man orka?<\/p><p>Pl\u00f6tsligt ser f\u00f6rsta kvartalet 2021 m\u00f6rkare ut \u00e4n vad alla trodde i september. Bokningsl\u00e4get \u00e4r anstr\u00e4ngt och \u00e4ven privatkunderna vacklar. P\u00e5 plussidan m\u00e4rks ett fortsatt fint fl\u00f6de av hemmajobbare och v\u00e4lbes\u00f6kta luncher i vinbaren.<span class=\"Apple-converted-space\">\u00a0<\/span><\/p><p>\u2013 Vi har premi\u00e4r f\u00f6r v\u00e5rt ny\u00e5rspaket och det \u00e4r fullbokat. S\u00e5 det \u00e4r bara att kliva upp p\u00e5 morgonen, kl\u00e4 sig, ta p\u00e5 sig leendet och k\u00e4mpa vidare. Nu fokuserar vi p\u00e5 att bygga om flera av v\u00e5ra enkelrum till dubbel- och familjerum.<span class=\"Apple-converted-space\">\u00a0<\/span><\/p><p>V\u00e5r G\u00e5rd har tur i oturen. Redan tidigare \u00e5r hade man \u2013 som ett led i milj\u00f6arbetet \u2013 anpassat sitt fantastiska julbord och minskat p\u00e5 buff\u00e9n.<span class=\"Apple-converted-space\">\u00a0<\/span><\/p><p>\u2013 Nu ringde vi g\u00e4ster som bokat julbord och fr\u00e5gade vad de beh\u00f6vde f\u00f6r att k\u00e4nna sig trygga. Utifr\u00e5n deras svar tog vi bort buff\u00e9n och har bordsservering med bland annat en jull\u00e5da med sm\u00e5r\u00e4tter som st\u00e4lls fram p\u00e5 bordet. Det har blivit uppskattat och vi har, efter f\u00f6rh\u00e5llandena, haft mycket bokningar till julborden.<\/p><p>Men, \u00e5terigen. V\u00e5r G\u00e5rd saknar int\u00e4kter fr\u00e5n m\u00f6ten och \u00f6vernattningar.<span class=\"Apple-converted-space\">\u00a0<\/span><\/p><p>\u2013 Kraven har onekligen s\u00e4nkts. F\u00e5r n\u00e5gon in en dagkonferens f\u00f6r tio personer s\u00e5 blir det appl\u00e5der och hejarop, s\u00e4ger Kadi Upmark.<\/p><\/div>\n\t\t\t\t<\/div>\n\t\t\t\t<\/div>\n\t\t\t\t\t\t<\/div>\n\t\t\t\t\t<\/div>\n\t\t<\/div>\n\t\t\t\t<div class=\"aux-parallax-section elementor-column elementor-col-25 elementor-top-column elementor-element elementor-element-5d6d227\" data-id=\"5d6d227\" data-element_type=\"column\">\n\t\t\t<div class=\"elementor-column-wrap elementor-element-populated\">\n\t\t\t\t\t\t\t<div class=\"elementor-widget-wrap\">\n\t\t\t\t\t\t<div class=\"elementor-element elementor-element-2ad78f4 aux-appear-watch-animation aux-fade-in-up-2 elementor-widget elementor-widget-image\" data-id=\"2ad78f4\" data-element_type=\"widget\" data-widget_type=\"image.default\">\n\t\t\t\t<div class=\"elementor-widget-container\">\n\t\t\t\t\t<div class=\"elementor-image\">\n\t\t\t\t\t\t\t\t\t\t<img width=\"1500\" height=\"2250\" src=\"https:\/\/kf.se\/arsredovisning2020\/wp-content\/uploads\/2021\/02\/margaretabsandeback200914_MBS4907-Edit.jpg\" class=\"attachment-full size-full\" alt=\"\" loading=\"lazy\" srcset=\"https:\/\/kf.se\/arsredovisning2020\/wp-content\/uploads\/2021\/02\/margaretabsandeback200914_MBS4907-Edit.jpg 1500w, https:\/\/kf.se\/arsredovisning2020\/wp-content\/uploads\/2021\/02\/margaretabsandeback200914_MBS4907-Edit-1024x1536.jpg 1024w, https:\/\/kf.se\/arsredovisning2020\/wp-content\/uploads\/2021\/02\/margaretabsandeback200914_MBS4907-Edit-1365x2048.jpg 1365w\" sizes=\"(max-width: 1500px) 100vw, 1500px\" \/>\t\t\t\t\t\t\t\t\t\t\t<\/div>\n\t\t\t\t<\/div>\n\t\t\t\t<\/div>\n\t\t\t\t<div class=\"elementor-element elementor-element-5850633 fakta elementor-widget elementor-widget-text-editor\" data-id=\"5850633\" data-element_type=\"widget\" data-widget_type=\"text-editor.default\">\n\t\t\t\t<div class=\"elementor-widget-container\">\n\t\t\t\t\t<div class=\"elementor-text-editor elementor-clearfix\"><p>Kadi Upmark, vd f\u00f6r V\u00e5r G\u00e5rd.<\/p><\/div>\n\t\t\t\t<\/div>\n\t\t\t\t<\/div>\n\t\t\t\t\t\t<\/div>\n\t\t\t\t\t<\/div>\n\t\t<\/div>\n\t\t\t\t\t\t\t\t<\/div>\n\t\t\t\t\t<\/div>\n\t\t<\/article>\n\t\t\t\t<section class=\"elementor-section elementor-top-section elementor-element elementor-element-2b1fab8 aux-appear-watch-animation aux-fade-in-up-2 elementor-section-boxed elementor-section-height-default elementor-section-height-default\" data-id=\"2b1fab8\" data-element_type=\"section\">\n\t\t\t\t\t\t<div class=\"elementor-container elementor-column-gap-wide\">\n\t\t\t\t\t\t\t<div class=\"elementor-row\">\n\t\t\t\t\t<div class=\"aux-parallax-section elementor-column elementor-col-100 elementor-top-column elementor-element elementor-element-42c8de1\" data-id=\"42c8de1\" data-element_type=\"column\">\n\t\t\t<div class=\"elementor-column-wrap elementor-element-populated\">\n\t\t\t\t\t\t\t<div class=\"elementor-widget-wrap\">\n\t\t\t\t\t\t<div class=\"elementor-element elementor-element-828b1a1 elementor-widget elementor-widget-image\" data-id=\"828b1a1\" data-element_type=\"widget\" data-widget_type=\"image.default\">\n\t\t\t\t<div class=\"elementor-widget-container\">\n\t\t\t\t\t<div class=\"elementor-image\">\n\t\t\t\t\t\t\t\t\t\t<img width=\"1920\" height=\"1280\" src=\"https:\/\/kf.se\/arsredovisning2020\/wp-content\/uploads\/2021\/02\/margaretabsandeback200914_MBS4943-Edit-1920.jpg\" class=\"attachment-full size-full\" alt=\"\" loading=\"lazy\" srcset=\"https:\/\/kf.se\/arsredovisning2020\/wp-content\/uploads\/2021\/02\/margaretabsandeback200914_MBS4943-Edit-1920.jpg 1920w, https:\/\/kf.se\/arsredovisning2020\/wp-content\/uploads\/2021\/02\/margaretabsandeback200914_MBS4943-Edit-1920-1536x1024.jpg 1536w\" sizes=\"(max-width: 1920px) 100vw, 1920px\" \/>\t\t\t\t\t\t\t\t\t\t\t<\/div>\n\t\t\t\t<\/div>\n\t\t\t\t<\/div>\n\t\t\t\t\t\t<\/div>\n\t\t\t\t\t<\/div>\n\t\t<\/div>\n\t\t\t\t\t\t\t\t<\/div>\n\t\t\t\t\t<\/div>\n\t\t<\/section>\n\t\t\t\t<article class=\"elementor-section elementor-top-section elementor-element elementor-element-4a41ba4 aux-appear-watch-animation aux-fade-in-up-2 elementor-section-boxed elementor-section-height-default elementor-section-height-default\" data-id=\"4a41ba4\" data-element_type=\"section\">\n\t\t\t\t\t\t<div class=\"elementor-container elementor-column-gap-wide\">\n\t\t\t\t\t\t\t<div class=\"elementor-row\">\n\t\t\t\t\t<div class=\"aux-parallax-section elementor-column elementor-col-25 elementor-top-column elementor-element elementor-element-ed7362a elementor-hidden-tablet elementor-hidden-phone\" data-id=\"ed7362a\" data-element_type=\"column\" data-settings=\"{&quot;background_background&quot;:&quot;classic&quot;}\">\n\t\t\t<div class=\"elementor-column-wrap elementor-element-populated\">\n\t\t\t\t\t\t\t<div class=\"elementor-widget-wrap\">\n\t\t\t\t\t\t<div class=\"elementor-element elementor-element-724ecc2 elementor-widget elementor-widget-heading\" data-id=\"724ecc2\" data-element_type=\"widget\" data-widget_type=\"heading.default\">\n\t\t\t\t<div class=\"elementor-widget-container\">\n\t\t\t<h2 class=\"elementor-heading-title elementor-size-default\">vintern<\/h2>\t\t<\/div>\n\t\t\t\t<\/div>\n\t\t\t\t\t\t<\/div>\n\t\t\t\t\t<\/div>\n\t\t<\/div>\n\t\t\t\t<div class=\"aux-parallax-section elementor-column elementor-col-50 elementor-top-column elementor-element elementor-element-a29581a\" data-id=\"a29581a\" data-element_type=\"column\">\n\t\t\t<div class=\"elementor-column-wrap elementor-element-populated\">\n\t\t\t\t\t\t\t<div class=\"elementor-widget-wrap\">\n\t\t\t\t\t\t<div class=\"elementor-element elementor-element-77ebbb2 elementor-widget elementor-widget-text-editor\" data-id=\"77ebbb2\" data-element_type=\"widget\" data-widget_type=\"text-editor.default\">\n\t\t\t\t<div class=\"elementor-widget-container\">\n\t\t\t\t\t<div class=\"elementor-text-editor elementor-clearfix\"><p><b>Fram tills december <\/b>hade V\u00e5r G\u00e5rd kunnat beh\u00e5lla den fasta personalstyrkan \u2013 timanst\u00e4llda och n\u00e5gra enstaka provanst\u00e4llda hade d\u00e4remot inte kunnat arbeta kvar. Nu \u00e4r Kadi Upmark os\u00e4ker p\u00e5 framtiden.<\/p><p>\u2013 Jag vill og\u00e4rna varsla och trodde att vi kunde slippa det. Men allt beror p\u00e5 hur 2021 utvecklas. Just nu r\u00e4ddas vi av att n\u00e5gra inte orkat med f\u00f6r\u00e4ndringsresan och os\u00e4kerheten i branschen. De har sagt upp sig f\u00f6r att g\u00f6ra n\u00e5got annat. Andra har s\u00f6kt tj\u00e4nstledigt f\u00f6r studier, s\u00e4ger hon.<span class=\"Apple-converted-space\">\u00a0<\/span><\/p><p>Kadi Upmark hoppas och tror att 2021 kommer att bli b\u00e4ttre \u00e4n 2020.<\/p><p>\u2013 Men det kommer inte att vara de siffror vi \u00e4r vana vid. F\u00f6rst om tv\u00e5 \u00e5r tror jag l\u00e4get \u00e4r fullt stabiliserat. Och d\u00e5 har vi \u00e4nd\u00e5 \u00e5stadkommit den h\u00e4r fantastiska omst\u00e4llningen mitt under kristider \u2013 och vi har dessutom f\u00e5tt ett stort g\u00e4ng stammisar i n\u00e4romr\u00e5det.<span class=\"Apple-converted-space\">\u00a0<\/span><\/p><p>V\u00e5r G\u00e5rd har m\u00e5nga unika styrkor: historien,\u00a0konsten, naturen, maten, arkitekturen \u2013 och personalen.<span class=\"Apple-converted-space\">\u00a0<\/span><\/p><p>\u2013 Vi \u00e4r beg\u00e5vade med ett starkt team som levererar i ur och skur och tar oss igenom b\u00e5de med- och motvind. Vi beh\u00f6ver vara starka tillsammans f\u00f6r att fixa det. Det l\u00e5ter som en Instagramklyscha, men s\u00e5 \u00e4r det. Jag vill det h\u00e4r s\u00e5 mycket, s\u00e4ger Kadi Upmark.<\/p><\/div>\n\t\t\t\t<\/div>\n\t\t\t\t<\/div>\n\t\t\t\t\t\t<\/div>\n\t\t\t\t\t<\/div>\n\t\t<\/div>\n\t\t\t\t<div class=\"aux-parallax-section elementor-column elementor-col-25 elementor-top-column elementor-element elementor-element-76e1501\" data-id=\"76e1501\" data-element_type=\"column\">\n\t\t\t<div class=\"elementor-column-wrap elementor-element-populated\">\n\t\t\t\t\t\t\t<div class=\"elementor-widget-wrap\">\n\t\t\t\t\t\t<div class=\"elementor-element elementor-element-a79ed4a elementor-widget elementor-widget-text-editor\" data-id=\"a79ed4a\" data-element_type=\"widget\" data-widget_type=\"text-editor.default\">\n\t\t\t\t<div class=\"elementor-widget-container\">\n\t\t\t\t\t<div class=\"elementor-text-editor elementor-clearfix\"><p><i>TERRI HERRERA<\/i> <em>\u00e4<\/em><i>r journalist och redakt\u00f6r och l\u00e4ngtar alltid till brorsorna i Spanien. S\u00e4rskilt nu. Hennes favoritkonstverk p\u00e5 V\u00e5r G\u00e5rd \u00e4r Endre Nemes -surrealistiska \u201dAtt sp\u00e5 i kort\u201d.<\/i><\/p><\/div>\n\t\t\t\t<\/div>\n\t\t\t\t<\/div>\n\t\t\t\t\t\t<\/div>\n\t\t\t\t\t<\/div>\n\t\t<\/div>\n\t\t\t\t\t\t\t\t<\/div>\n\t\t\t\t\t<\/div>\n\t\t<\/article>\n\t\t\t\t<section class=\"elementor-section elementor-top-section elementor-element elementor-element-dc46c6b elementor-section-boxed elementor-section-height-default elementor-section-height-default\" data-id=\"dc46c6b\" data-element_type=\"section\">\n\t\t\t\t\t\t<div class=\"elementor-container elementor-column-gap-default\">\n\t\t\t\t\t\t\t<div class=\"elementor-row\">\n\t\t\t\t\t<div class=\"aux-parallax-section elementor-column elementor-col-100 elementor-top-column elementor-element elementor-element-ea2379a\" data-id=\"ea2379a\" data-element_type=\"column\">\n\t\t\t<div class=\"elementor-column-wrap elementor-element-populated\">\n\t\t\t\t\t\t\t<div class=\"elementor-widget-wrap\">\n\t\t\t\t\t\t<div class=\"elementor-element elementor-element-5ba5e04 elementor-widget elementor-widget-image\" data-id=\"5ba5e04\" data-element_type=\"widget\" data-widget_type=\"image.default\">\n\t\t\t\t<div class=\"elementor-widget-container\">\n\t\t\t\t\t<div class=\"elementor-image\">\n\t\t\t\t\t\t\t\t\t\t<img width=\"1920\" height=\"886\" src=\"https:\/\/kf.se\/arsredovisning2020\/wp-content\/uploads\/2021\/02\/margaretabsandeback200914_MBS4828-Edit.jpg\" class=\"attachment-full size-full\" alt=\"\" loading=\"lazy\" srcset=\"https:\/\/kf.se\/arsredovisning2020\/wp-content\/uploads\/2021\/02\/margaretabsandeback200914_MBS4828-Edit.jpg 1920w, https:\/\/kf.se\/arsredovisning2020\/wp-content\/uploads\/2021\/02\/margaretabsandeback200914_MBS4828-Edit-1536x709.jpg 1536w\" sizes=\"(max-width: 1920px) 100vw, 1920px\" \/>\t\t\t\t\t\t\t\t\t\t\t<\/div>\n\t\t\t\t<\/div>\n\t\t\t\t<\/div>\n\t\t\t\t<div class=\"elementor-element elementor-element-ae795e2 fakta elementor-widget__width-auto elementor-widget elementor-widget-text-editor\" data-id=\"ae795e2\" data-element_type=\"widget\" data-widget_type=\"text-editor.default\">\n\t\t\t\t<div class=\"elementor-widget-container\">\n\t\t\t\t\t<div class=\"elementor-text-editor elementor-clearfix\"><p>Team V\u00e5r G\u00e5rd. M\u00e5nga har arbetat h\u00e4r i 15\u201320 \u00e5r och brinner f\u00f6r sin \u00adarbetsplats.<\/p><\/div>\n\t\t\t\t<\/div>\n\t\t\t\t<\/div>\n\t\t\t\t\t\t<\/div>\n\t\t\t\t\t<\/div>\n\t\t<\/div>\n\t\t\t\t\t\t\t\t<\/div>\n\t\t\t\t\t<\/div>\n\t\t<\/section>\n\t\t\t\t<article class=\"elementor-section elementor-top-section elementor-element elementor-element-77df646 aux-appear-watch-animation aux-fade-in-up-2 elementor-section-full_width elementor-section-stretched elementor-section-height-default elementor-section-height-default\" data-id=\"77df646\" data-element_type=\"section\" data-settings=\"{&quot;stretch_section&quot;:&quot;section-stretched&quot;,&quot;background_background&quot;:&quot;classic&quot;}\">\n\t\t\t\t\t\t<div class=\"elementor-container elementor-column-gap-no\">\n\t\t\t\t\t\t\t<div class=\"elementor-row\">\n\t\t\t\t\t<div class=\"aux-parallax-section elementor-column elementor-col-100 elementor-top-column elementor-element elementor-element-39f7720\" data-id=\"39f7720\" data-element_type=\"column\" data-settings=\"{&quot;background_background&quot;:&quot;classic&quot;}\">\n\t\t\t<div class=\"elementor-column-wrap elementor-element-populated\">\n\t\t\t\t\t\t\t<div class=\"elementor-widget-wrap\">\n\t\t\t\t\t\t<section class=\"elementor-section elementor-inner-section elementor-element elementor-element-aedc8d3 elementor-section-boxed elementor-section-height-default elementor-section-height-default\" data-id=\"aedc8d3\" data-element_type=\"section\">\n\t\t\t\t\t\t<div class=\"elementor-container elementor-column-gap-wide\">\n\t\t\t\t\t\t\t<div class=\"elementor-row\">\n\t\t\t\t\t<div class=\"aux-parallax-section elementor-column elementor-col-25 elementor-inner-column elementor-element elementor-element-3fb08f1\" data-id=\"3fb08f1\" data-element_type=\"column\">\n\t\t\t<div class=\"elementor-column-wrap elementor-element-populated\">\n\t\t\t\t\t\t\t<div class=\"elementor-widget-wrap\">\n\t\t\t\t\t\t<div class=\"elementor-element elementor-element-62b5471 elementor-widget elementor-widget-heading\" data-id=\"62b5471\" data-element_type=\"widget\" data-widget_type=\"heading.default\">\n\t\t\t\t<div class=\"elementor-widget-container\">\n\t\t\t<h2 class=\"elementor-heading-title elementor-size-default\">experten<\/h2>\t\t<\/div>\n\t\t\t\t<\/div>\n\t\t\t\t\t\t<\/div>\n\t\t\t\t\t<\/div>\n\t\t<\/div>\n\t\t\t\t<div class=\"aux-parallax-section elementor-column elementor-col-50 elementor-inner-column elementor-element elementor-element-99b28b2\" data-id=\"99b28b2\" data-element_type=\"column\">\n\t\t\t<div class=\"elementor-column-wrap elementor-element-populated\">\n\t\t\t\t\t\t\t<div class=\"elementor-widget-wrap\">\n\t\t\t\t\t\t<div class=\"elementor-element elementor-element-af81fd0 elementor-widget elementor-widget-heading\" data-id=\"af81fd0\" data-element_type=\"widget\" data-widget_type=\"heading.default\">\n\t\t\t\t<div class=\"elementor-widget-container\">\n\t\t\t<h2 class=\"elementor-heading-title elementor-size-default\">\u201dDet kommer inte bli som f\u00f6rr\u201d<\/h2>\t\t<\/div>\n\t\t\t\t<\/div>\n\t\t\t\t<div class=\"elementor-element elementor-element-2e6ded6 elementor-widget elementor-widget-text-editor\" data-id=\"2e6ded6\" data-element_type=\"widget\" data-widget_type=\"text-editor.default\">\n\t\t\t\t<div class=\"elementor-widget-container\">\n\t\t\t\t\t<div class=\"elementor-text-editor elementor-clearfix\"><p><strong>Hur skulle du beskriva l\u00e4get f\u00f6r m\u00f6tesbranschen?<\/strong><\/p><p>\u2013 M\u00f6tesbranschen har drabbats oerh\u00f6rt h\u00e5rt, s\u00e4ger Sylvia Nylin, vd f\u00f6r Svenska M\u00f6ten. V\u00e5ren 2020 var det som om rullgardinen drogs ner och \u00e4ven om vissa mindre konferenser kom ig\u00e5ng under h\u00f6sten s\u00e5 fortsatte alla st\u00f6rre m\u00f6ten att avbokas. Sedan de nya skarpa restriktionerna tr\u00e4dde i kraft under senh\u00f6sten har en ny avbokningsv\u00e5g kommit. Som det ser ut nu blir sannolikt v\u00e5ren mycket tuff och min bed\u00f6mning \u00e4r att det kommer att ta l\u00e5ng tid innan marknaden \u00e5terh\u00e4mtat sig. Vi hoppas p\u00e5 en sakta \u00e5terh\u00e4mtning, f\u00f6rhoppningsvis \u00adunder senv\u00e5ren men troligtvis inte f\u00f6rr\u00e4n h\u00f6sten 2021.<\/p><p><strong>Vilka anl\u00e4ggningar har klarat sig b\u00e4st under pandemin?<\/strong><\/p><p>\u2013 Mindre konferenshotell som redan fr\u00e5n b\u00f6rjan haft fokus p\u00e5 sm\u00e5 m\u00f6ten. Dessutom kan vi se ett annorlunda m\u00f6nster d\u00e4r kunder v\u00e4ljer bort centrala l\u00e4gen och prioriterar naturn\u00e4ra platser dit man l\u00e4tt kan ta sig med bil \u2013 som V\u00e5r G\u00e5rd.<span class=\"Apple-converted-space\">\u00a0<\/span><\/p><p><strong>P\u00e5 vilka s\u00e4tt har branschen f\u00e5tt st\u00e4lla om?<\/strong><\/p><p>\u2013 Det finns m\u00e5nga exempel.\u00a0En hel del gick snabbt \u00f6ver till \u00adcatering, andra byggde \u00adsm\u00e5 \u00adstudios varifr\u00e5n man kunde s\u00e4nda digitala konferenser \u2013 och vissa har haft utomhusverksamhet s\u00e5 l\u00e4nge v\u00e4dret har till\u00e5tit. De som har haft m\u00f6jlighet har v\u00e4nt sig allt mer mot privatkunder.<span class=\"Apple-converted-space\">\u00a0<\/span><\/p><p><strong>Hur kommer detta att p\u00e5verka branschen p\u00e5 sikt?<\/strong><\/p><p>\u2013 Vi p\u00e5 Svenska M\u00f6ten g\u00f6r en \u00e5rlig trendrapport och kan konstatera att allt vi f\u00f6rutsp\u00e5dde i 2020 \u00e5rs rapport\u00a0har slagit in, fast p\u00e5 ett halv\u00e5r i st\u00e4llet f\u00f6r under en fem\u00e5rsperiod. I grunden handlar det om en omfattande strukturomvandling d\u00e4r kundernas beteenden f\u00f6r\u00e4ndras och marknaden krymper.\u00a0<\/p><p>I framtiden blir m\u00f6tena mer \u00adinteraktiva; fler konferenser kommer att s\u00e4ndas digitalt och vi kommer att se fler studioevents d\u00e4r \u201dtalkshows\u201d s\u00e4nds till medarbetare som sitter spridda \u00f6ver landet \u2013 eller v\u00e4rlden. Det kr\u00e4ver \u00f6kad teknisk kompetens och mycket mer r\u00e5dgivning till kunden d\u00e4r man skr\u00e4ddarsyr events p\u00e5 ett helt annat s\u00e4tt.<span class=\"Apple-converted-space\">\u00a0<\/span><\/p><p><strong>Vilka blir framtidens vinnare inom m\u00f6tesbranschen?<\/strong><\/p><p>\u2013 De som redan nu har b\u00f6rjat se \u00f6ver sin produkt, \u00adsin strategi och sina erbjudanden \u2013 b\u00e5de p\u00e5 kort och l\u00e5ng sikt. Det g\u00e5r inte att sticka huvudet i sanden och hoppas att allt snart l\u00f6ser sig. Pandemikrisen kanske g\u00e5r att l\u00f6sa, men det kommer \u00e4nd\u00e5 inte bli som f\u00f6rr.<\/p><p><i>Svenska M\u00f6ten \u00e4gs gemensamt av \u00f6ver 130 m\u00f6tesanl\u00e4ggningar runt om i Sverige, d\u00e4ribland V\u00e5r G\u00e5rd.<\/i><\/p><\/div>\n\t\t\t\t<\/div>\n\t\t\t\t<\/div>\n\t\t\t\t\t\t<\/div>\n\t\t\t\t\t<\/div>\n\t\t<\/div>\n\t\t\t\t<div class=\"aux-parallax-section elementor-column elementor-col-25 elementor-inner-column elementor-element elementor-element-bb08284\" data-id=\"bb08284\" data-element_type=\"column\">\n\t\t\t<div class=\"elementor-column-wrap elementor-element-populated\">\n\t\t\t\t\t\t\t<div class=\"elementor-widget-wrap\">\n\t\t\t\t\t\t<div class=\"elementor-element elementor-element-e77ce17 elementor-widget-tablet__width-auto elementor-widget elementor-widget-image\" data-id=\"e77ce17\" data-element_type=\"widget\" data-widget_type=\"image.default\">\n\t\t\t\t<div class=\"elementor-widget-container\">\n\t\t\t\t\t<div class=\"elementor-image\">\n\t\t\t\t\t\t\t\t\t\t<img width=\"768\" height=\"768\" src=\"https:\/\/kf.se\/arsredovisning2020\/wp-content\/uploads\/2021\/02\/Sylvia-Nylin-768x768.jpg\" class=\"attachment-medium_large size-medium_large\" alt=\"\" loading=\"lazy\" \/>\t\t\t\t\t\t\t\t\t\t\t<\/div>\n\t\t\t\t<\/div>\n\t\t\t\t<\/div>\n\t\t\t\t<div class=\"elementor-element elementor-element-e90db86 elementor-blockquote--skin-quotation elementor-blockquote--align-center elementor-blockquote--button-color-custom aux-appear-watch-animation aux-fade-in-up-2 elementor-widget elementor-widget-blockquote\" data-id=\"e90db86\" data-element_type=\"widget\" data-widget_type=\"blockquote.default\">\n\t\t\t\t<div class=\"elementor-widget-container\">\n\t\t\t\t\t<blockquote class=\"elementor-blockquote\">\n\t\t\t<p class=\"elementor-blockquote__content\">\n\t\t\t\t\u00d6kad teknisk kompetens kr\u00e4vs.\t\t\t<\/p>\n\t\t\t\t\t\t\t<footer>\n\t\t\t\t\t\t\t\t\t\t\t<cite class=\"elementor-blockquote__author\">Sylvia Nylin, vd f\u00f6r Svenska M\u00f6ten<\/cite>\n\t\t\t\t\t\t\t\t\t\t\t\t\t\t<\/footer>\n\t\t\t\t\t<\/blockquote>\n\t\t\t\t<\/div>\n\t\t\t\t<\/div>\n\t\t\t\t\t\t<\/div>\n\t\t\t\t\t<\/div>\n\t\t<\/div>\n\t\t\t\t\t\t\t\t<\/div>\n\t\t\t\t\t<\/div>\n\t\t<\/section>\n\t\t\t\t\t\t<\/div>\n\t\t\t\t\t<\/div>\n\t\t<\/div>\n\t\t\t\t\t\t\t\t<\/div>\n\t\t\t\t\t<\/div>\n\t\t<\/article>\n\t\t\t\t\t\t<\/div>\n\t\t\t\t\t\t<\/div>\n\t\t\t\t\t<\/div>\n\t\t","protected":false},"excerpt":{"rendered":"<p>Det skulle bli ett riktigt bra \u00e5r. Sedan slog covid-19 till och den v\u00e4rsta krisen i V\u00e5r G\u00e5rds historia var ett faktum.  Nu blickar medarbetarna tillbaka p\u00e5 ett 2020 pr\u00e4glat av chock, laganda \u2013 och en stark \u00f6verlevnadsinstinkt.<\/p>\n","protected":false},"author":1,"featured_media":6466,"comment_status":"open","ping_status":"open","sticky":false,"template":"elementor_header_footer","format":"standard","meta":[],"categories":[10],"tags":[],"_links":{"self":[{"href":"https:\/\/kf.se\/arsredovisning2020\/wp-json\/wp\/v2\/posts\/6446"}],"collection":[{"href":"https:\/\/kf.se\/arsredovisning2020\/wp-json\/wp\/v2\/posts"}],"about":[{"href":"https:\/\/kf.se\/arsredovisning2020\/wp-json\/wp\/v2\/types\/post"}],"author":[{"embeddable":true,"href":"https:\/\/kf.se\/arsredovisning2020\/wp-json\/wp\/v2\/users\/1"}],"replies":[{"embeddable":true,"href":"https:\/\/kf.se\/arsredovisning2020\/wp-json\/wp\/v2\/comments?post=6446"}],"version-history":[{"count":270,"href":"https:\/\/kf.se\/arsredovisning2020\/wp-json\/wp\/v2\/posts\/6446\/revisions"}],"predecessor-version":[{"id":8578,"href":"https:\/\/kf.se\/arsredovisning2020\/wp-json\/wp\/v2\/posts\/6446\/revisions\/8578"}],"wp:featuredmedia":[{"embeddable":true,"href":"https:\/\/kf.se\/arsredovisning2020\/wp-json\/wp\/v2\/media\/6466"}],"wp:attachment":[{"href":"https:\/\/kf.se\/arsredovisning2020\/wp-json\/wp\/v2\/media?parent=6446"}],"wp:term":[{"taxonomy":"category","embeddable":true,"href":"https:\/\/kf.se\/arsredovisning2020\/wp-json\/wp\/v2\/categories?post=6446"},{"taxonomy":"post_tag","embeddable":true,"href":"https:\/\/kf.se\/arsredovisning2020\/wp-json\/wp\/v2\/tags?post=6446"}],"curies":[{"name":"wp","href":"https:\/\/api.w.org\/{rel}","templated":true}]}}