{"id":6867,"date":"2021-03-01T19:06:27","date_gmt":"2021-03-01T19:06:27","guid":{"rendered":"https:\/\/kooperation2020.jonasmelcherson.com\/?p=6867"},"modified":"2021-03-04T11:01:01","modified_gmt":"2021-03-04T11:01:01","slug":"hej-styrelsen-vad-ar-ni-mest-stolta-over-att-verksamheten-astadkommit-under-2020","status":"publish","type":"post","link":"https:\/\/kf.se\/arsredovisning2020\/arsberattelser\/hej-styrelsen-vad-ar-ni-mest-stolta-over-att-verksamheten-astadkommit-under-2020\/","title":{"rendered":"Hej styrelsen, vad \u00e4r ni mest stolta \u00f6ver att verksamheten \u00e5stadkommit under 2020?"},"content":{"rendered":"\t\t<div data-elementor-type=\"wp-post\" data-elementor-id=\"6867\" class=\"elementor elementor-6867\" data-elementor-settings=\"[]\">\n\t\t\t\t\t\t<div class=\"elementor-inner\">\n\t\t\t\t\t\t\t<div class=\"elementor-section-wrap\">\n\t\t\t\t\t\t\t<section class=\"elementor-section elementor-top-section elementor-element elementor-element-7d5cb8d elementor-section-stretched elementor-section-height-min-height elementor-section-boxed elementor-section-height-default elementor-section-items-middle\" data-id=\"7d5cb8d\" data-element_type=\"section\" data-settings=\"{&quot;stretch_section&quot;:&quot;section-stretched&quot;,&quot;background_background&quot;:&quot;classic&quot;}\">\n\t\t\t\t\t\t\t<div class=\"elementor-background-overlay\"><\/div>\n\t\t\t\t\t\t\t<div class=\"elementor-container elementor-column-gap-default\">\n\t\t\t\t\t\t\t<div class=\"elementor-row\">\n\t\t\t\t\t<div class=\"aux-parallax-section elementor-column elementor-col-25 elementor-top-column elementor-element elementor-element-a35451b elementor-hidden-phone\" data-id=\"a35451b\" data-element_type=\"column\">\n\t\t\t<div class=\"elementor-column-wrap\">\n\t\t\t\t\t\t\t<div class=\"elementor-widget-wrap\">\n\t\t\t\t\t\t\t\t<\/div>\n\t\t\t\t\t<\/div>\n\t\t<\/div>\n\t\t\t\t<div class=\"aux-parallax-section elementor-column elementor-col-50 elementor-top-column elementor-element elementor-element-99d4357\" data-id=\"99d4357\" data-element_type=\"column\">\n\t\t\t<div class=\"elementor-column-wrap elementor-element-populated\">\n\t\t\t\t\t\t\t<div class=\"elementor-widget-wrap\">\n\t\t\t\t\t\t<div class=\"elementor-element elementor-element-18d910e elementor-widget elementor-widget-spacer\" data-id=\"18d910e\" data-element_type=\"widget\" data-widget_type=\"spacer.default\">\n\t\t\t\t<div class=\"elementor-widget-container\">\n\t\t\t\t\t<div class=\"elementor-spacer\">\n\t\t\t<div class=\"elementor-spacer-inner\"><\/div>\n\t\t<\/div>\n\t\t\t\t<\/div>\n\t\t\t\t<\/div>\n\t\t\t\t<div class=\"elementor-element elementor-element-043643f elementor-widget elementor-widget-heading\" data-id=\"043643f\" data-element_type=\"widget\" data-widget_type=\"heading.default\">\n\t\t\t\t<div class=\"elementor-widget-container\">\n\t\t\t<h1 class=\"elementor-heading-title elementor-size-default\">Styrelsem\u00f6te i pandemins tid<\/h1>\t\t<\/div>\n\t\t\t\t<\/div>\n\t\t\t\t\t\t<\/div>\n\t\t\t\t\t<\/div>\n\t\t<\/div>\n\t\t\t\t<div class=\"aux-parallax-section elementor-column elementor-col-25 elementor-top-column elementor-element elementor-element-67a5938 elementor-hidden-phone\" data-id=\"67a5938\" data-element_type=\"column\">\n\t\t\t<div class=\"elementor-column-wrap\">\n\t\t\t\t\t\t\t<div class=\"elementor-widget-wrap\">\n\t\t\t\t\t\t\t\t<\/div>\n\t\t\t\t\t<\/div>\n\t\t<\/div>\n\t\t\t\t\t\t\t\t<\/div>\n\t\t\t\t\t<\/div>\n\t\t<\/section>\n\t\t\t\t<section class=\"elementor-section elementor-top-section elementor-element elementor-element-e932948 elementor-section-boxed elementor-section-height-default elementor-section-height-default\" data-id=\"e932948\" data-element_type=\"section\">\n\t\t\t\t\t\t<div class=\"elementor-container elementor-column-gap-default\">\n\t\t\t\t\t\t\t<div class=\"elementor-row\">\n\t\t\t\t\t<div class=\"aux-parallax-section elementor-column elementor-col-100 elementor-top-column elementor-element elementor-element-db901da\" data-id=\"db901da\" data-element_type=\"column\">\n\t\t\t<div class=\"elementor-column-wrap elementor-element-populated\">\n\t\t\t\t\t\t\t<div class=\"elementor-widget-wrap\">\n\t\t\t\t\t\t<div class=\"elementor-element elementor-element-45eb2ed elementor-widget elementor-widget-heading\" data-id=\"45eb2ed\" data-element_type=\"widget\" data-widget_type=\"heading.default\">\n\t\t\t\t<div class=\"elementor-widget-container\">\n\t\t\t<h2 class=\"elementor-heading-title elementor-size-default\">Hej styrelsen, vad \u00e4r ni mest stolta \u00f6ver att verksamheten har \u00e5stadkommit under 2020?<\/h2>\t\t<\/div>\n\t\t\t\t<\/div>\n\t\t\t\t<div class=\"elementor-element elementor-element-7cd9a0e elementor-hidden-tablet elementor-hidden-phone elementor-widget elementor-widget-bdt-device-slider\" data-id=\"7cd9a0e\" data-element_type=\"widget\" data-widget_type=\"bdt-device-slider.default\">\n\t\t\t\t<div class=\"elementor-widget-container\">\n\t\t\t\t\t<div class=\"bdt-device-slider-container\">\n\t\t\t<div class=\"bdt-device-slider bdt-device-slider-macbookpro\">\n\t\t\t\t<div  bdt-slideshow=\"{&quot;animation&quot;:&quot;slide&quot;,&quot;ratio&quot;:&quot;1280:815&quot;,&quot;autoplay&quot;:true,&quot;autoplay-interval&quot;:7000,&quot;pause-on-hover&quot;:true,&quot;velocity&quot;:1}\">\n\t\t\t\t\t<div class=\"bdt-position-relative bdt-visible-toggle\">\n\t\t\t\t\t\t<ul class=\"bdt-slideshow-items\">\n\t\t\t\t\t\t\t    \n\t\t\t        <li class=\"bdt-slideshow-item elementor-repeater-item-e7e1384\">\n\t\t\t\t        \n\t\t\t\t            \t\t\t\t\t            <img src=\"https:\/\/kf.se\/arsredovisning2020\/wp-content\/uploads\/2021\/03\/Leif-Linde.jpg\" alt=\" &lt;b&gt;Leif Linde&lt;\/b&gt;: Beslutet om strategi f\u00f6r hela KF med kraftfull vision och att driften av butiker ska finnas i f\u00f6reningarna n\u00e4ra medlemmarna. \ud83d\udc4c\" bdt-cover>\t\t\t\t\t        \n\t\t\t\t        \n\t\t\t\t        \n\t\t\t                    <div class=\"bdt-slideshow-content-wrapper bdt-position-z-index bdt-position-bottom-center bdt-position-large bdt-text-center\">\n\n\t\t\t\t\t\t\t<div>\n\t\t\t\t\t<h2 class=\"bdt-device-slider-title bdt-display-inline-block\" bdt-slideshow-parallax=\"x:300, -300\">\n\t\t\t\t\t\t\t\t\t\t\t\t\t<b>Leif Linde<\/b>: Beslutet om strategi f\u00f6r hela KF med kraftfull vision och att driften av butiker ska finnas i f\u00f6reningarna n\u00e4ra medlemmarna. \ud83d\udc4c\t\t\t\t\t\t\t\t\t\t\t<\/h2>\n\t\t\t\t<\/div>\n\t\t\t\n\t\t<\/div>\n\t\t\t\t\t        <\/li>\n\n\t\t\t\t\t\t\t\t\t    \n\t\t\t        <li class=\"bdt-slideshow-item elementor-repeater-item-0a1eee9\">\n\t\t\t\t        \n\t\t\t\t            \t\t\t\t\t            <img src=\"https:\/\/kf.se\/arsredovisning2020\/wp-content\/uploads\/2021\/03\/jesper.jpg\" alt=\" &lt;b&gt;Jesper Josbrant&lt;\/b&gt;: Den blixtsnabba omst\u00e4llningen p\u00e5 alla niv\u00e5er f\u00f6r att hantera konsekvenserna av den p\u00e5g\u00e5ende pandemin. \u26a1\" bdt-cover>\t\t\t\t\t        \n\t\t\t\t        \n\t\t\t\t        \n\t\t\t                    <div class=\"bdt-slideshow-content-wrapper bdt-position-z-index bdt-position-bottom-center bdt-position-large bdt-text-center\">\n\n\t\t\t\t\t\t\t<div>\n\t\t\t\t\t<h2 class=\"bdt-device-slider-title bdt-display-inline-block\" bdt-slideshow-parallax=\"x:300, -300\">\n\t\t\t\t\t\t\t\t\t\t\t\t\t<b>Jesper Josbrant<\/b>: Den blixtsnabba omst\u00e4llningen p\u00e5 alla niv\u00e5er f\u00f6r att hantera konsekvenserna av den p\u00e5g\u00e5ende pandemin. \u26a1\t\t\t\t\t\t\t\t\t\t\t<\/h2>\n\t\t\t\t<\/div>\n\t\t\t\n\t\t<\/div>\n\t\t\t\t\t        <\/li>\n\n\t\t\t\t\t\t\t\t\t    \n\t\t\t        <li class=\"bdt-slideshow-item elementor-repeater-item-3c2f921\">\n\t\t\t\t        \n\t\t\t\t            \t\t\t\t\t            <img src=\"https:\/\/kf.se\/arsredovisning2020\/wp-content\/uploads\/2021\/03\/Maria-Rudolphi.jpg\" alt=\" &lt;b&gt;Maria Rudolphi&lt;\/b&gt;: Vi har satt en tydlig inriktning i den strategiska planen som ber\u00f6r oss alla och \u00e4ven kopplat konkreta aktiviteter och m\u00e5l till den. Tillsammans = f\u00f6ruts\u00e4ttning f\u00f6r framg\u00e5ng.\" bdt-cover>\t\t\t\t\t        \n\t\t\t\t        \n\t\t\t\t        \n\t\t\t                    <div class=\"bdt-slideshow-content-wrapper bdt-position-z-index bdt-position-bottom-center bdt-position-large bdt-text-center\">\n\n\t\t\t\t\t\t\t<div>\n\t\t\t\t\t<h2 class=\"bdt-device-slider-title bdt-display-inline-block\" bdt-slideshow-parallax=\"x:300, -300\">\n\t\t\t\t\t\t\t\t\t\t\t\t\t<b>Maria Rudolphi<\/b>: Vi har satt en tydlig inriktning i den strategiska planen som ber\u00f6r oss alla och \u00e4ven kopplat konkreta aktiviteter och m\u00e5l till den. Tillsammans = f\u00f6ruts\u00e4ttning f\u00f6r framg\u00e5ng.\t\t\t\t\t\t\t\t\t\t\t<\/h2>\n\t\t\t\t<\/div>\n\t\t\t\n\t\t<\/div>\n\t\t\t\t\t        <\/li>\n\n\t\t\t\t\t\t\t\t\t    \n\t\t\t        <li class=\"bdt-slideshow-item elementor-repeater-item-4d7bca5\">\n\t\t\t\t        \n\t\t\t\t            \t\t\t\t\t            <img src=\"https:\/\/kf.se\/arsredovisning2020\/wp-content\/uploads\/2021\/03\/Kenneth.jpg\" alt=\" &lt;b&gt;Kenneth \u00d6stberg&lt;\/b&gt;: Jag \u00e4r mest stolt \u00f6ver f\u00f6rs\u00e4ljningsutvecklingen i v\u00e5ra Coopbutiker. \ud83d\udcc8\" bdt-cover>\t\t\t\t\t        \n\t\t\t\t        \n\t\t\t\t        \n\t\t\t                    <div class=\"bdt-slideshow-content-wrapper bdt-position-z-index bdt-position-bottom-center bdt-position-large bdt-text-center\">\n\n\t\t\t\t\t\t\t<div>\n\t\t\t\t\t<h2 class=\"bdt-device-slider-title bdt-display-inline-block\" bdt-slideshow-parallax=\"x:300, -300\">\n\t\t\t\t\t\t\t\t\t\t\t\t\t<b>Kenneth \u00d6stberg<\/b>: Jag \u00e4r mest stolt \u00f6ver f\u00f6rs\u00e4ljningsutvecklingen i v\u00e5ra Coopbutiker. \ud83d\udcc8\t\t\t\t\t\t\t\t\t\t\t<\/h2>\n\t\t\t\t<\/div>\n\t\t\t\n\t\t<\/div>\n\t\t\t\t\t        <\/li>\n\n\t\t\t\t\t\t\t\t\t    \n\t\t\t        <li class=\"bdt-slideshow-item elementor-repeater-item-beb169f\">\n\t\t\t\t        \n\t\t\t\t            \t\t\t\t\t            <img src=\"https:\/\/kf.se\/arsredovisning2020\/wp-content\/uploads\/2021\/03\/KerstinW.jpg\" alt=\" &lt;b&gt;Kerstin Wallentin&lt;\/b&gt;: Jag \u00e4r stolt \u00f6ver alla medarbetare som har gjort ett fantastiskt jobb under 2020 med anledning av \u00adpandemin, och beslutet att bygga ett nytt helautomatiserat lager i Eskilstuna. \ud83d\udc4f\ud83d\udc4f\ud83d\udc4f\" bdt-cover>\t\t\t\t\t        \n\t\t\t\t        \n\t\t\t\t        \n\t\t\t                    <div class=\"bdt-slideshow-content-wrapper bdt-position-z-index bdt-position-bottom-center bdt-position-large bdt-text-center\">\n\n\t\t\t\t\t\t\t<div>\n\t\t\t\t\t<h2 class=\"bdt-device-slider-title bdt-display-inline-block\" bdt-slideshow-parallax=\"x:300, -300\">\n\t\t\t\t\t\t\t\t\t\t\t\t\t<b>Kerstin Wallentin<\/b>: Jag \u00e4r stolt \u00f6ver alla medarbetare som har gjort ett fantastiskt jobb under 2020 med anledning av \u00adpandemin, och beslutet att bygga ett nytt helautomatiserat lager i Eskilstuna. \ud83d\udc4f\ud83d\udc4f\ud83d\udc4f\t\t\t\t\t\t\t\t\t\t\t<\/h2>\n\t\t\t\t<\/div>\n\t\t\t\n\t\t<\/div>\n\t\t\t\t\t        <\/li>\n\n\t\t\t\t\t\t\t\t\t    \n\t\t\t        <li class=\"bdt-slideshow-item elementor-repeater-item-ecbe807\">\n\t\t\t\t        \n\t\t\t\t            \t\t\t\t\t            <img src=\"https:\/\/kf.se\/arsredovisning2020\/wp-content\/uploads\/2021\/03\/Stig.jpg\" alt=\" &lt;b&gt;Stig Nilsson&lt;\/b&gt;: Internationell samverkan och start av \u00adl\u00e5gprisformatet X-tra. \ud83d\udc4d\" bdt-cover>\t\t\t\t\t        \n\t\t\t\t        \n\t\t\t\t        \n\t\t\t                    <div class=\"bdt-slideshow-content-wrapper bdt-position-z-index bdt-position-bottom-center bdt-position-large bdt-text-center\">\n\n\t\t\t\t\t\t\t<div>\n\t\t\t\t\t<h2 class=\"bdt-device-slider-title bdt-display-inline-block\" bdt-slideshow-parallax=\"x:300, -300\">\n\t\t\t\t\t\t\t\t\t\t\t\t\t<b>Stig Nilsson<\/b>: Internationell samverkan och start av \u00adl\u00e5gprisformatet X-tra. \ud83d\udc4d\t\t\t\t\t\t\t\t\t\t\t<\/h2>\n\t\t\t\t<\/div>\n\t\t\t\n\t\t<\/div>\n\t\t\t\t\t        <\/li>\n\n\t\t\t\t\t\t\t\t\t    \n\t\t\t        <li class=\"bdt-slideshow-item elementor-repeater-item-10d0359\">\n\t\t\t\t        \n\t\t\t\t            \t\t\t\t\t            <img src=\"https:\/\/kf.se\/arsredovisning2020\/wp-content\/uploads\/2021\/03\/Jan.jpg\" alt=\" &lt;b&gt;Jan Johnsson&lt;\/b&gt;: Jag \u00e4r mest stolt \u00f6ver att vi har tagit fram en strategisk plan mot 2025 i stor delaktighet, investerat i ett \u00adautomatiserat lager och lyckats v\u00e4ldigt bra med f\u00f6rs\u00e4ljning och utveckling av online under pandemin. \ud83d\ude00\" bdt-cover>\t\t\t\t\t        \n\t\t\t\t        \n\t\t\t\t        \n\t\t\t                    <div class=\"bdt-slideshow-content-wrapper bdt-position-z-index bdt-position-bottom-center bdt-position-large bdt-text-center\">\n\n\t\t\t\t\t\t\t<div>\n\t\t\t\t\t<h2 class=\"bdt-device-slider-title bdt-display-inline-block\" bdt-slideshow-parallax=\"x:300, -300\">\n\t\t\t\t\t\t\t\t\t\t\t\t\t<b>Jan Johnsson<\/b>: Jag \u00e4r mest stolt \u00f6ver att vi har tagit fram en strategisk plan mot 2025 i stor delaktighet, investerat i ett \u00adautomatiserat lager och lyckats v\u00e4ldigt bra med f\u00f6rs\u00e4ljning och utveckling av online under pandemin. \ud83d\ude00\t\t\t\t\t\t\t\t\t\t\t<\/h2>\n\t\t\t\t<\/div>\n\t\t\t\n\t\t<\/div>\n\t\t\t\t\t        <\/li>\n\n\t\t\t\t\t\t\t\t\t    \n\t\t\t        <li class=\"bdt-slideshow-item elementor-repeater-item-211f937\">\n\t\t\t\t        \n\t\t\t\t            \t\t\t\t\t            <img src=\"https:\/\/kf.se\/arsredovisning2020\/wp-content\/uploads\/2021\/03\/Hakan-Smith.jpg\" alt=\" &lt;b&gt;H\u00e5kan Smith&lt;\/b&gt;: F\u00f6rutom att dagligen ha en bra fungerande \u00adverksamhet under r\u00e5dande omst\u00e4ndighet har vi tagit stora, \u00adviktiga och bra beslut som \u00e4r avg\u00f6rande f\u00f6r framtiden. \" bdt-cover>\t\t\t\t\t        \n\t\t\t\t        \n\t\t\t\t        \n\t\t\t                    <div class=\"bdt-slideshow-content-wrapper bdt-position-z-index bdt-position-bottom-center bdt-position-large bdt-text-center\">\n\n\t\t\t\t\t\t\t<div>\n\t\t\t\t\t<h2 class=\"bdt-device-slider-title bdt-display-inline-block\" bdt-slideshow-parallax=\"x:300, -300\">\n\t\t\t\t\t\t\t\t\t\t\t\t\t<b>H\u00e5kan Smith<\/b>: F\u00f6rutom att dagligen ha en bra fungerande \u00adverksamhet under r\u00e5dande omst\u00e4ndighet har vi tagit stora, \u00adviktiga och bra beslut som \u00e4r avg\u00f6rande f\u00f6r framtiden. \t\t\t\t\t\t\t\t\t\t\t<\/h2>\n\t\t\t\t<\/div>\n\t\t\t\n\t\t<\/div>\n\t\t\t\t\t        <\/li>\n\n\t\t\t\t\t\t\t\t\t    \n\t\t\t        <li class=\"bdt-slideshow-item elementor-repeater-item-7df6a21\">\n\t\t\t\t        \n\t\t\t\t            \t\t\t\t\t            <img src=\"https:\/\/kf.se\/arsredovisning2020\/wp-content\/uploads\/2021\/03\/Britt_OK.jpg\" alt=\" &lt;b&gt;Britt Hansson&lt;\/b&gt;:  Att vara styrelseledamot i en verksamhet som agerar s\u00e5 fort och sammansvetsat under den p\u00e5g\u00e5ende \u00adv\u00e4rldsomfattande pandemin f\u00f6r att s\u00e4kra medarbetares och kunders h\u00e4lsa \u2013 men \u00e4ven tillg\u00e5ngen av varor i butikerna \u2013 g\u00f6r mig mycket stolt. \ud83d\ude0a\" bdt-cover>\t\t\t\t\t        \n\t\t\t\t        \n\t\t\t\t        \n\t\t\t                    <div class=\"bdt-slideshow-content-wrapper bdt-position-z-index bdt-position-bottom-center bdt-position-large bdt-text-center\">\n\n\t\t\t\t\t\t\t<div>\n\t\t\t\t\t<h2 class=\"bdt-device-slider-title bdt-display-inline-block\" bdt-slideshow-parallax=\"x:300, -300\">\n\t\t\t\t\t\t\t\t\t\t\t\t\t<b>Britt Hansson<\/b>:  Att vara styrelseledamot i en verksamhet som agerar s\u00e5 fort och sammansvetsat under den p\u00e5g\u00e5ende \u00adv\u00e4rldsomfattande pandemin f\u00f6r att s\u00e4kra medarbetares och kunders h\u00e4lsa \u2013 men \u00e4ven tillg\u00e5ngen av varor i butikerna \u2013 g\u00f6r mig mycket stolt. \ud83d\ude0a\t\t\t\t\t\t\t\t\t\t\t<\/h2>\n\t\t\t\t<\/div>\n\t\t\t\n\t\t<\/div>\n\t\t\t\t\t        <\/li>\n\n\t\t\t\t\t\t\t\t\t    \n\t\t\t        <li class=\"bdt-slideshow-item elementor-repeater-item-1c33fa2\">\n\t\t\t\t        \n\t\t\t\t            \t\t\t\t\t            <img src=\"https:\/\/kf.se\/arsredovisning2020\/wp-content\/uploads\/2021\/03\/Anette.jpg\" alt=\" &lt;b&gt;Annette Nilsson&lt;\/b&gt;: Att vi tillsammans lyckats att st\u00e4lla om och f\u00e5 det att fungera n\u00e4r onlinef\u00f6rs\u00e4ljningen sk\u00f6t i h\u00f6jden.\" bdt-cover>\t\t\t\t\t        \n\t\t\t\t        \n\t\t\t\t        \n\t\t\t                    <div class=\"bdt-slideshow-content-wrapper bdt-position-z-index bdt-position-bottom-center bdt-position-large bdt-text-center\">\n\n\t\t\t\t\t\t\t<div>\n\t\t\t\t\t<h2 class=\"bdt-device-slider-title bdt-display-inline-block\" bdt-slideshow-parallax=\"x:300, -300\">\n\t\t\t\t\t\t\t\t\t\t\t\t\t<b>Annette Nilsson<\/b>: Att vi tillsammans lyckats att st\u00e4lla om och f\u00e5 det att fungera n\u00e4r onlinef\u00f6rs\u00e4ljningen sk\u00f6t i h\u00f6jden.\t\t\t\t\t\t\t\t\t\t\t<\/h2>\n\t\t\t\t<\/div>\n\t\t\t\n\t\t<\/div>\n\t\t\t\t\t        <\/li>\n\n\t\t\t\t\t\t\t\t\t    \n\t\t\t        <li class=\"bdt-slideshow-item elementor-repeater-item-a9ff5b3\">\n\t\t\t\t        \n\t\t\t\t            \t\t\t\t\t            <img src=\"https:\/\/kf.se\/arsredovisning2020\/wp-content\/uploads\/2021\/03\/Renkel.jpg\" alt=\" &lt;b&gt;Peter Renkel&lt;\/b&gt;: Jag \u00e4r mest stolt \u00f6ver att vi kunnat fatta beslutet att bygga v\u00e5rt nya automatiserade lager. \" bdt-cover>\t\t\t\t\t        \n\t\t\t\t        \n\t\t\t\t        \n\t\t\t                    <div class=\"bdt-slideshow-content-wrapper bdt-position-z-index bdt-position-bottom-center bdt-position-large bdt-text-center\">\n\n\t\t\t\t\t\t\t<div>\n\t\t\t\t\t<h2 class=\"bdt-device-slider-title bdt-display-inline-block\" bdt-slideshow-parallax=\"x:300, -300\">\n\t\t\t\t\t\t\t\t\t\t\t\t\t<b>Peter Renkel<\/b>: Jag \u00e4r mest stolt \u00f6ver att vi kunnat fatta beslutet att bygga v\u00e5rt nya automatiserade lager. \t\t\t\t\t\t\t\t\t\t\t<\/h2>\n\t\t\t\t<\/div>\n\t\t\t\n\t\t<\/div>\n\t\t\t\t\t        <\/li>\n\n\t\t\t\t\t\t\t\t\t    \n\t\t\t        <li class=\"bdt-slideshow-item elementor-repeater-item-438cbe3\">\n\t\t\t\t        \n\t\t\t\t            \t\t\t\t\t            <img src=\"https:\/\/kf.se\/arsredovisning2020\/wp-content\/uploads\/2021\/03\/Tobias-Tapp.jpg\" alt=\" &lt;b&gt;Tobias T\u00e4pp&lt;\/b&gt;: Jag \u00e4r stolt \u00f6ver helheten, hur styrelsen har \u00adarbetat under det g\u00e5ngna \u00e5ret. \ud83d\udc4d\" bdt-cover>\t\t\t\t\t        \n\t\t\t\t        \n\t\t\t\t        \n\t\t\t                    <div class=\"bdt-slideshow-content-wrapper bdt-position-z-index bdt-position-bottom-center bdt-position-large bdt-text-center\">\n\n\t\t\t\t\t\t\t<div>\n\t\t\t\t\t<h2 class=\"bdt-device-slider-title bdt-display-inline-block\" bdt-slideshow-parallax=\"x:300, -300\">\n\t\t\t\t\t\t\t\t\t\t\t\t\t<b>Tobias T\u00e4pp<\/b>: Jag \u00e4r stolt \u00f6ver helheten, hur styrelsen har \u00adarbetat under det g\u00e5ngna \u00e5ret. \ud83d\udc4d\t\t\t\t\t\t\t\t\t\t\t<\/h2>\n\t\t\t\t<\/div>\n\t\t\t\n\t\t<\/div>\n\t\t\t\t\t        <\/li>\n\n\t\t\t\t\t\t\t\t\t    \n\t\t\t        <li class=\"bdt-slideshow-item elementor-repeater-item-6eb56d9\">\n\t\t\t\t        \n\t\t\t\t            \t\t\t\t\t            <img src=\"https:\/\/kf.se\/arsredovisning2020\/wp-content\/uploads\/2021\/03\/caroline-ullman-hammer.jpg\" alt=\" &lt;b&gt;Caroline Ullman-Hammer&lt;\/b&gt;: Jag tycker att 2020 har pr\u00e4glats av fin energi i \u00adstyrelsens arbete att satsa p\u00e5 bra n\u00e4thandel, och ny vision, \u00adaff\u00e4rsplan och strategier som tar oss in i framtiden.\" bdt-cover>\t\t\t\t\t        \n\t\t\t\t        \n\t\t\t\t        \n\t\t\t                    <div class=\"bdt-slideshow-content-wrapper bdt-position-z-index bdt-position-bottom-center bdt-position-large bdt-text-center\">\n\n\t\t\t\t\t\t\t<div>\n\t\t\t\t\t<h2 class=\"bdt-device-slider-title bdt-display-inline-block\" bdt-slideshow-parallax=\"x:300, -300\">\n\t\t\t\t\t\t\t\t\t\t\t\t\t<b>Caroline Ullman-Hammer<\/b>: Jag tycker att 2020 har pr\u00e4glats av fin energi i \u00adstyrelsens arbete att satsa p\u00e5 bra n\u00e4thandel, och ny vision, \u00adaff\u00e4rsplan och strategier som tar oss in i framtiden.\t\t\t\t\t\t\t\t\t\t\t<\/h2>\n\t\t\t\t<\/div>\n\t\t\t\n\t\t<\/div>\n\t\t\t\t\t        <\/li>\n\n\t\t\t\t\t\t\t\t<\/ul>\n\t\t\t\t\t\t\t\t\t\t\t\t\t<a class=\"bdt-position-center-left bdt-position-small bdt-hidden-hover\" href=\"#\" bdt-slidenav-previous bdt-slideshow-item=\"previous\"><\/a>\n\t\t\t\t    \t\t<a class=\"bdt-position-center-right bdt-position-small bdt-hidden-hover\" href=\"#\" bdt-slidenav-next bdt-slideshow-item=\"next\"><\/a>\n\t\t\t\t\t\t\n\n\t\t\t\t\t\t\t\t\t\t\t\t\t<div class=\"bdt-dotnav-wrapper\">\n\t\t\t\t\t\t\t\t<ul class=\"bdt-dotnav bdt-flex-center\">\n\n\t\t\t\t\t\t\t\t    <li class=\"bdt-slideshow-dotnav bdt-active\" bdt-slideshow-item=\"0\"><a href=\"#\"><\/a><\/li><li class=\"bdt-slideshow-dotnav bdt-active\" bdt-slideshow-item=\"1\"><a href=\"#\"><\/a><\/li><li class=\"bdt-slideshow-dotnav bdt-active\" bdt-slideshow-item=\"2\"><a href=\"#\"><\/a><\/li><li class=\"bdt-slideshow-dotnav bdt-active\" bdt-slideshow-item=\"3\"><a href=\"#\"><\/a><\/li><li class=\"bdt-slideshow-dotnav bdt-active\" bdt-slideshow-item=\"4\"><a href=\"#\"><\/a><\/li><li class=\"bdt-slideshow-dotnav bdt-active\" bdt-slideshow-item=\"5\"><a href=\"#\"><\/a><\/li><li class=\"bdt-slideshow-dotnav bdt-active\" bdt-slideshow-item=\"6\"><a href=\"#\"><\/a><\/li><li class=\"bdt-slideshow-dotnav bdt-active\" bdt-slideshow-item=\"7\"><a href=\"#\"><\/a><\/li><li class=\"bdt-slideshow-dotnav bdt-active\" bdt-slideshow-item=\"8\"><a href=\"#\"><\/a><\/li><li class=\"bdt-slideshow-dotnav bdt-active\" bdt-slideshow-item=\"9\"><a href=\"#\"><\/a><\/li><li class=\"bdt-slideshow-dotnav bdt-active\" bdt-slideshow-item=\"10\"><a href=\"#\"><\/a><\/li><li class=\"bdt-slideshow-dotnav bdt-active\" bdt-slideshow-item=\"11\"><a href=\"#\"><\/a><\/li><li class=\"bdt-slideshow-dotnav bdt-active\" bdt-slideshow-item=\"12\"><a href=\"#\"><\/a><\/li>\t\t\t\t\t\t\t\t<\/ul>\n\t\t\t\t\t\t\t<\/div>\n\t\t\t\t\t\t\t\t\t\t\t<\/div>\n\t\t\t\t<\/div>\n\t\t\t\t<div class=\"bdt-device-slider-device\">\n\t\t\t\t\t<img src=\"https:\/\/kf.se\/arsredovisning2020\/wp-content\/plugins\/bdthemes-element-pack\/assets\/images\/devices\/macbookpro.svg\" alt=\"Device Slider\">\n\t\t\t\t<\/div>\n\t\t\t<\/div>\n\t\t<\/div>\n\t\t\t\t<\/div>\n\t\t\t\t<\/div>\n\t\t\t\t<div class=\"elementor-element elementor-element-222d8c5 elementor-hidden-desktop elementor-widget elementor-widget-bdt-device-slider\" data-id=\"222d8c5\" data-element_type=\"widget\" data-widget_type=\"bdt-device-slider.default\">\n\t\t\t\t<div class=\"elementor-widget-container\">\n\t\t\t\t\t<div class=\"bdt-device-slider-container\">\n\t\t\t<div class=\"bdt-device-slider bdt-device-slider-galaxy\">\n\t\t\t\t<div  bdt-slideshow=\"{&quot;animation&quot;:&quot;slide&quot;,&quot;ratio&quot;:&quot;634:1280&quot;,&quot;autoplay&quot;:true,&quot;autoplay-interval&quot;:7000,&quot;pause-on-hover&quot;:true,&quot;velocity&quot;:1}\">\n\t\t\t\t\t<div class=\"bdt-position-relative bdt-visible-toggle\">\n\t\t\t\t\t\t<ul class=\"bdt-slideshow-items\">\n\t\t\t\t\t\t\t    \n\t\t\t        <li class=\"bdt-slideshow-item elementor-repeater-item-e7e1384\">\n\t\t\t\t        \n\t\t\t\t            \t\t\t\t\t            <img src=\"https:\/\/kf.se\/arsredovisning2020\/wp-content\/uploads\/2021\/03\/Leif-Linde-mobil.jpg\" alt=\" &lt;b&gt;Leif Linde&lt;\/b&gt;: Beslutet om strategi f\u00f6r hela KF med kraftfull vision och att driften av butiker ska finnas i f\u00f6reningarna n\u00e4ra medlemmarna. \ud83d\udc4c\" bdt-cover>\t\t\t\t\t        \n\t\t\t\t        \n\t\t\t\t        \n\t\t\t                    <div class=\"bdt-slideshow-content-wrapper bdt-position-z-index bdt-position-bottom-center bdt-position-large bdt-text-center\">\n\n\t\t\t\t\t\t\t<div>\n\t\t\t\t\t<h2 class=\"bdt-device-slider-title bdt-display-inline-block\" bdt-slideshow-parallax=\"x:300, -300\">\n\t\t\t\t\t\t\t\t\t\t\t\t\t<b>Leif Linde<\/b>: Beslutet om strategi f\u00f6r hela KF med kraftfull vision och att driften av butiker ska finnas i f\u00f6reningarna n\u00e4ra medlemmarna. \ud83d\udc4c\t\t\t\t\t\t\t\t\t\t\t<\/h2>\n\t\t\t\t<\/div>\n\t\t\t\n\t\t<\/div>\n\t\t\t\t\t        <\/li>\n\n\t\t\t\t\t\t\t\t\t    \n\t\t\t        <li class=\"bdt-slideshow-item elementor-repeater-item-0a1eee9\">\n\t\t\t\t        \n\t\t\t\t            \t\t\t\t\t            <img src=\"https:\/\/kf.se\/arsredovisning2020\/wp-content\/uploads\/2021\/03\/jesper-mobil.jpg\" alt=\" &lt;b&gt;Jesper Josbrant&lt;\/b&gt;: Den blixtsnabba omst\u00e4llningen p\u00e5 alla niv\u00e5er f\u00f6r att hantera konsekvenserna av den p\u00e5g\u00e5ende pandemin. \u26a1\" bdt-cover>\t\t\t\t\t        \n\t\t\t\t        \n\t\t\t\t        \n\t\t\t                    <div class=\"bdt-slideshow-content-wrapper bdt-position-z-index bdt-position-bottom-center bdt-position-large bdt-text-center\">\n\n\t\t\t\t\t\t\t<div>\n\t\t\t\t\t<h2 class=\"bdt-device-slider-title bdt-display-inline-block\" bdt-slideshow-parallax=\"x:300, -300\">\n\t\t\t\t\t\t\t\t\t\t\t\t\t<b>Jesper Josbrant<\/b>: Den blixtsnabba omst\u00e4llningen p\u00e5 alla niv\u00e5er f\u00f6r att hantera konsekvenserna av den p\u00e5g\u00e5ende pandemin. \u26a1\t\t\t\t\t\t\t\t\t\t\t<\/h2>\n\t\t\t\t<\/div>\n\t\t\t\n\t\t<\/div>\n\t\t\t\t\t        <\/li>\n\n\t\t\t\t\t\t\t\t\t    \n\t\t\t        <li class=\"bdt-slideshow-item elementor-repeater-item-3c2f921\">\n\t\t\t\t        \n\t\t\t\t            \t\t\t\t\t            <img src=\"https:\/\/kf.se\/arsredovisning2020\/wp-content\/uploads\/2021\/03\/Maria-Rudolphi-mobil.jpg\" alt=\" &lt;b&gt;Maria Rudolphi&lt;\/b&gt;: Vi har satt en tydlig inriktning i den strategiska planen som ber\u00f6r oss alla och \u00e4ven kopplat konkreta aktiviteter och m\u00e5l till den. Tillsammans = f\u00f6ruts\u00e4ttning f\u00f6r framg\u00e5ng.\" bdt-cover>\t\t\t\t\t        \n\t\t\t\t        \n\t\t\t\t        \n\t\t\t                    <div class=\"bdt-slideshow-content-wrapper bdt-position-z-index bdt-position-bottom-center bdt-position-large bdt-text-center\">\n\n\t\t\t\t\t\t\t<div>\n\t\t\t\t\t<h2 class=\"bdt-device-slider-title bdt-display-inline-block\" bdt-slideshow-parallax=\"x:300, -300\">\n\t\t\t\t\t\t\t\t\t\t\t\t\t<b>Maria Rudolphi<\/b>: Vi har satt en tydlig inriktning i den strategiska planen som ber\u00f6r oss alla och \u00e4ven kopplat konkreta aktiviteter och m\u00e5l till den. Tillsammans = f\u00f6ruts\u00e4ttning f\u00f6r framg\u00e5ng.\t\t\t\t\t\t\t\t\t\t\t<\/h2>\n\t\t\t\t<\/div>\n\t\t\t\n\t\t<\/div>\n\t\t\t\t\t        <\/li>\n\n\t\t\t\t\t\t\t\t\t    \n\t\t\t        <li class=\"bdt-slideshow-item elementor-repeater-item-4d7bca5\">\n\t\t\t\t        \n\t\t\t\t            \t\t\t\t\t            <img src=\"https:\/\/kf.se\/arsredovisning2020\/wp-content\/uploads\/2021\/03\/Kenneth-mobil.jpg\" alt=\" &lt;b&gt;Kenneth \u00d6stberg&lt;\/b&gt;: Jag \u00e4r mest stolt \u00f6ver f\u00f6rs\u00e4ljningsutvecklingen i v\u00e5ra Coopbutiker. \ud83d\udcc8\" bdt-cover>\t\t\t\t\t        \n\t\t\t\t        \n\t\t\t\t        \n\t\t\t                    <div class=\"bdt-slideshow-content-wrapper bdt-position-z-index bdt-position-bottom-center bdt-position-large bdt-text-center\">\n\n\t\t\t\t\t\t\t<div>\n\t\t\t\t\t<h2 class=\"bdt-device-slider-title bdt-display-inline-block\" bdt-slideshow-parallax=\"x:300, -300\">\n\t\t\t\t\t\t\t\t\t\t\t\t\t<b>Kenneth \u00d6stberg<\/b>: Jag \u00e4r mest stolt \u00f6ver f\u00f6rs\u00e4ljningsutvecklingen i v\u00e5ra Coopbutiker. \ud83d\udcc8\t\t\t\t\t\t\t\t\t\t\t<\/h2>\n\t\t\t\t<\/div>\n\t\t\t\n\t\t<\/div>\n\t\t\t\t\t        <\/li>\n\n\t\t\t\t\t\t\t\t\t    \n\t\t\t        <li class=\"bdt-slideshow-item elementor-repeater-item-beb169f\">\n\t\t\t\t        \n\t\t\t\t            \t\t\t\t\t            <img src=\"https:\/\/kf.se\/arsredovisning2020\/wp-content\/uploads\/2021\/03\/KerstinW-mobil.jpg\" alt=\" &lt;b&gt;Kerstin Wallentin&lt;\/b&gt;: Jag \u00e4r stolt \u00f6ver alla medarbetare som har gjort ett fantastiskt jobb under 2020 med anledning av \u00adpandemin, och beslutet att bygga ett nytt helautomatiserat lager i Eskilstuna. \ud83d\udc4f\ud83d\udc4f\ud83d\udc4f\" bdt-cover>\t\t\t\t\t        \n\t\t\t\t        \n\t\t\t\t        \n\t\t\t                    <div class=\"bdt-slideshow-content-wrapper bdt-position-z-index bdt-position-bottom-center bdt-position-large bdt-text-center\">\n\n\t\t\t\t\t\t\t<div>\n\t\t\t\t\t<h2 class=\"bdt-device-slider-title bdt-display-inline-block\" bdt-slideshow-parallax=\"x:300, -300\">\n\t\t\t\t\t\t\t\t\t\t\t\t\t<b>Kerstin Wallentin<\/b>: Jag \u00e4r stolt \u00f6ver alla medarbetare som har gjort ett fantastiskt jobb under 2020 med anledning av \u00adpandemin, och beslutet att bygga ett nytt helautomatiserat lager i Eskilstuna. \ud83d\udc4f\ud83d\udc4f\ud83d\udc4f\t\t\t\t\t\t\t\t\t\t\t<\/h2>\n\t\t\t\t<\/div>\n\t\t\t\n\t\t<\/div>\n\t\t\t\t\t        <\/li>\n\n\t\t\t\t\t\t\t\t\t    \n\t\t\t        <li class=\"bdt-slideshow-item elementor-repeater-item-ecbe807\">\n\t\t\t\t        \n\t\t\t\t            \t\t\t\t\t            <img src=\"https:\/\/kf.se\/arsredovisning2020\/wp-content\/uploads\/2021\/03\/Stig-mobil.jpg\" alt=\" &lt;b&gt;Stig Nilsson&lt;\/b&gt;: Internationell samverkan och start av \u00adl\u00e5gprisformatet X-tra. \ud83d\udc4d\" bdt-cover>\t\t\t\t\t        \n\t\t\t\t        \n\t\t\t\t        \n\t\t\t                    <div class=\"bdt-slideshow-content-wrapper bdt-position-z-index bdt-position-bottom-center bdt-position-large bdt-text-center\">\n\n\t\t\t\t\t\t\t<div>\n\t\t\t\t\t<h2 class=\"bdt-device-slider-title bdt-display-inline-block\" bdt-slideshow-parallax=\"x:300, -300\">\n\t\t\t\t\t\t\t\t\t\t\t\t\t<b>Stig Nilsson<\/b>: Internationell samverkan och start av \u00adl\u00e5gprisformatet X-tra. \ud83d\udc4d\t\t\t\t\t\t\t\t\t\t\t<\/h2>\n\t\t\t\t<\/div>\n\t\t\t\n\t\t<\/div>\n\t\t\t\t\t        <\/li>\n\n\t\t\t\t\t\t\t\t\t    \n\t\t\t        <li class=\"bdt-slideshow-item elementor-repeater-item-10d0359\">\n\t\t\t\t        \n\t\t\t\t            \t\t\t\t\t            <img src=\"https:\/\/kf.se\/arsredovisning2020\/wp-content\/uploads\/2021\/03\/Jan-mobil.jpg\" alt=\" &lt;b&gt;Jan Johnsson&lt;\/b&gt;: Jag \u00e4r mest stolt \u00f6ver att vi har tagit fram en strategisk plan mot 2025 i stor delaktighet, investerat i ett \u00adautomatiserat lager och lyckats v\u00e4ldigt bra med f\u00f6rs\u00e4ljning och utveckling av online under pandemin. \ud83d\ude00\" bdt-cover>\t\t\t\t\t        \n\t\t\t\t        \n\t\t\t\t        \n\t\t\t                    <div class=\"bdt-slideshow-content-wrapper bdt-position-z-index bdt-position-bottom-center bdt-position-large bdt-text-center\">\n\n\t\t\t\t\t\t\t<div>\n\t\t\t\t\t<h2 class=\"bdt-device-slider-title bdt-display-inline-block\" bdt-slideshow-parallax=\"x:300, -300\">\n\t\t\t\t\t\t\t\t\t\t\t\t\t<b>Jan Johnsson<\/b>: Jag \u00e4r mest stolt \u00f6ver att vi har tagit fram en strategisk plan mot 2025 i stor delaktighet, investerat i ett \u00adautomatiserat lager och lyckats v\u00e4ldigt bra med f\u00f6rs\u00e4ljning och utveckling av online under pandemin. \ud83d\ude00\t\t\t\t\t\t\t\t\t\t\t<\/h2>\n\t\t\t\t<\/div>\n\t\t\t\n\t\t<\/div>\n\t\t\t\t\t        <\/li>\n\n\t\t\t\t\t\t\t\t\t    \n\t\t\t        <li class=\"bdt-slideshow-item elementor-repeater-item-211f937\">\n\t\t\t\t        \n\t\t\t\t            \t\t\t\t\t            <img src=\"https:\/\/kf.se\/arsredovisning2020\/wp-content\/uploads\/2021\/03\/Hakan-Smith-mobil.jpg\" alt=\" &lt;b&gt;H\u00e5kan Smith&lt;\/b&gt;: F\u00f6rutom att dagligen ha en bra fungerande \u00adverksamhet under r\u00e5dande omst\u00e4ndighet har vi tagit stora, \u00adviktiga och bra beslut som \u00e4r avg\u00f6rande f\u00f6r framtiden. \" bdt-cover>\t\t\t\t\t        \n\t\t\t\t        \n\t\t\t\t        \n\t\t\t                    <div class=\"bdt-slideshow-content-wrapper bdt-position-z-index bdt-position-bottom-center bdt-position-large bdt-text-center\">\n\n\t\t\t\t\t\t\t<div>\n\t\t\t\t\t<h2 class=\"bdt-device-slider-title bdt-display-inline-block\" bdt-slideshow-parallax=\"x:300, -300\">\n\t\t\t\t\t\t\t\t\t\t\t\t\t<b>H\u00e5kan Smith<\/b>: F\u00f6rutom att dagligen ha en bra fungerande \u00adverksamhet under r\u00e5dande omst\u00e4ndighet har vi tagit stora, \u00adviktiga och bra beslut som \u00e4r avg\u00f6rande f\u00f6r framtiden. \t\t\t\t\t\t\t\t\t\t\t<\/h2>\n\t\t\t\t<\/div>\n\t\t\t\n\t\t<\/div>\n\t\t\t\t\t        <\/li>\n\n\t\t\t\t\t\t\t\t\t    \n\t\t\t        <li class=\"bdt-slideshow-item elementor-repeater-item-7df6a21\">\n\t\t\t\t        \n\t\t\t\t            \t\t\t\t\t            <img src=\"https:\/\/kf.se\/arsredovisning2020\/wp-content\/uploads\/2021\/03\/Britt_OK-mobil.jpg\" alt=\" &lt;b&gt;Britt Hansson&lt;\/b&gt;:  Att vara styrelseledamot i en verksamhet som agerar s\u00e5 fort och sammansvetsat under den p\u00e5g\u00e5ende \u00adv\u00e4rldsomfattande pandemin f\u00f6r att s\u00e4kra medarbetares och kunders h\u00e4lsa \u2013 men \u00e4ven tillg\u00e5ngen av varor i butikerna \u2013 g\u00f6r mig mycket stolt. \ud83d\ude0a\" bdt-cover>\t\t\t\t\t        \n\t\t\t\t        \n\t\t\t\t        \n\t\t\t                    <div class=\"bdt-slideshow-content-wrapper bdt-position-z-index bdt-position-bottom-center bdt-position-large bdt-text-center\">\n\n\t\t\t\t\t\t\t<div>\n\t\t\t\t\t<h2 class=\"bdt-device-slider-title bdt-display-inline-block\" bdt-slideshow-parallax=\"x:300, -300\">\n\t\t\t\t\t\t\t\t\t\t\t\t\t<b>Britt Hansson<\/b>:  Att vara styrelseledamot i en verksamhet som agerar s\u00e5 fort och sammansvetsat under den p\u00e5g\u00e5ende \u00adv\u00e4rldsomfattande pandemin f\u00f6r att s\u00e4kra medarbetares och kunders h\u00e4lsa \u2013 men \u00e4ven tillg\u00e5ngen av varor i butikerna \u2013 g\u00f6r mig mycket stolt. \ud83d\ude0a\t\t\t\t\t\t\t\t\t\t\t<\/h2>\n\t\t\t\t<\/div>\n\t\t\t\n\t\t<\/div>\n\t\t\t\t\t        <\/li>\n\n\t\t\t\t\t\t\t\t\t    \n\t\t\t        <li class=\"bdt-slideshow-item elementor-repeater-item-1c33fa2\">\n\t\t\t\t        \n\t\t\t\t            \t\t\t\t\t            <img src=\"https:\/\/kf.se\/arsredovisning2020\/wp-content\/uploads\/2021\/03\/Anette-mobil.jpg\" alt=\" &lt;b&gt;Annette Nilsson&lt;\/b&gt;: Att vi tillsammans lyckats att st\u00e4lla om och f\u00e5 det att fungera n\u00e4r onlinef\u00f6rs\u00e4ljningen sk\u00f6t i h\u00f6jden.\" bdt-cover>\t\t\t\t\t        \n\t\t\t\t        \n\t\t\t\t        \n\t\t\t                    <div class=\"bdt-slideshow-content-wrapper bdt-position-z-index bdt-position-bottom-center bdt-position-large bdt-text-center\">\n\n\t\t\t\t\t\t\t<div>\n\t\t\t\t\t<h2 class=\"bdt-device-slider-title bdt-display-inline-block\" bdt-slideshow-parallax=\"x:300, -300\">\n\t\t\t\t\t\t\t\t\t\t\t\t\t<b>Annette Nilsson<\/b>: Att vi tillsammans lyckats att st\u00e4lla om och f\u00e5 det att fungera n\u00e4r onlinef\u00f6rs\u00e4ljningen sk\u00f6t i h\u00f6jden.\t\t\t\t\t\t\t\t\t\t\t<\/h2>\n\t\t\t\t<\/div>\n\t\t\t\n\t\t<\/div>\n\t\t\t\t\t        <\/li>\n\n\t\t\t\t\t\t\t\t\t    \n\t\t\t        <li class=\"bdt-slideshow-item elementor-repeater-item-a9ff5b3\">\n\t\t\t\t        \n\t\t\t\t            \t\t\t\t\t            <img src=\"https:\/\/kf.se\/arsredovisning2020\/wp-content\/uploads\/2021\/03\/Renkel-mobil.jpg\" alt=\" &lt;b&gt;Peter Renkel&lt;\/b&gt;: Jag \u00e4r mest stolt \u00f6ver att vi kunnat fatta beslutet att bygga v\u00e5rt nya automatiserade lager. \" bdt-cover>\t\t\t\t\t        \n\t\t\t\t        \n\t\t\t\t        \n\t\t\t                    <div class=\"bdt-slideshow-content-wrapper bdt-position-z-index bdt-position-bottom-center bdt-position-large bdt-text-center\">\n\n\t\t\t\t\t\t\t<div>\n\t\t\t\t\t<h2 class=\"bdt-device-slider-title bdt-display-inline-block\" bdt-slideshow-parallax=\"x:300, -300\">\n\t\t\t\t\t\t\t\t\t\t\t\t\t<b>Peter Renkel<\/b>: Jag \u00e4r mest stolt \u00f6ver att vi kunnat fatta beslutet att bygga v\u00e5rt nya automatiserade lager. \t\t\t\t\t\t\t\t\t\t\t<\/h2>\n\t\t\t\t<\/div>\n\t\t\t\n\t\t<\/div>\n\t\t\t\t\t        <\/li>\n\n\t\t\t\t\t\t\t\t\t    \n\t\t\t        <li class=\"bdt-slideshow-item elementor-repeater-item-438cbe3\">\n\t\t\t\t        \n\t\t\t\t            \t\t\t\t\t            <img src=\"https:\/\/kf.se\/arsredovisning2020\/wp-content\/uploads\/2021\/03\/Tobias-Tapp-mobil.jpg\" alt=\" &lt;b&gt;Tobias T\u00e4pp&lt;\/b&gt;: Jag \u00e4r stolt \u00f6ver helheten, hur styrelsen har \u00adarbetat under det g\u00e5ngna \u00e5ret. \ud83d\udc4d\" bdt-cover>\t\t\t\t\t        \n\t\t\t\t        \n\t\t\t\t        \n\t\t\t                    <div class=\"bdt-slideshow-content-wrapper bdt-position-z-index bdt-position-bottom-center bdt-position-large bdt-text-center\">\n\n\t\t\t\t\t\t\t<div>\n\t\t\t\t\t<h2 class=\"bdt-device-slider-title bdt-display-inline-block\" bdt-slideshow-parallax=\"x:300, -300\">\n\t\t\t\t\t\t\t\t\t\t\t\t\t<b>Tobias T\u00e4pp<\/b>: Jag \u00e4r stolt \u00f6ver helheten, hur styrelsen har \u00adarbetat under det g\u00e5ngna \u00e5ret. \ud83d\udc4d\t\t\t\t\t\t\t\t\t\t\t<\/h2>\n\t\t\t\t<\/div>\n\t\t\t\n\t\t<\/div>\n\t\t\t\t\t        <\/li>\n\n\t\t\t\t\t\t\t\t\t    \n\t\t\t        <li class=\"bdt-slideshow-item elementor-repeater-item-dedbeea\">\n\t\t\t\t        \n\t\t\t\t            \t\t\t\t\t            <img src=\"https:\/\/kf.se\/arsredovisning2020\/wp-content\/uploads\/2021\/03\/caroline-ullman-hammer-mobil.jpg\" alt=\" &lt;b&gt;Caroline Ullman-Hammer&lt;\/b&gt;: Jag tycker att 2020 har pr\u00e4glats av fin energi i \u00adstyrelsens arbete att satsa p\u00e5 bra n\u00e4thandel, och ny vision, \u00adaff\u00e4rsplan och strategier som tar oss in i framtiden.\" bdt-cover>\t\t\t\t\t        \n\t\t\t\t        \n\t\t\t\t        \n\t\t\t                    <div class=\"bdt-slideshow-content-wrapper bdt-position-z-index bdt-position-bottom-center bdt-position-large bdt-text-center\">\n\n\t\t\t\t\t\t\t<div>\n\t\t\t\t\t<h2 class=\"bdt-device-slider-title bdt-display-inline-block\" bdt-slideshow-parallax=\"x:300, -300\">\n\t\t\t\t\t\t\t\t\t\t\t\t\t<b>Caroline Ullman-Hammer<\/b>: Jag tycker att 2020 har pr\u00e4glats av fin energi i \u00adstyrelsens arbete att satsa p\u00e5 bra n\u00e4thandel, och ny vision, \u00adaff\u00e4rsplan och strategier som tar oss in i framtiden.\t\t\t\t\t\t\t\t\t\t\t<\/h2>\n\t\t\t\t<\/div>\n\t\t\t\n\t\t<\/div>\n\t\t\t\t\t        <\/li>\n\n\t\t\t\t\t\t\t\t<\/ul>\n\t\t\t\t\t\t\t\t\t\t\t\t\t<a class=\"bdt-position-center-left bdt-position-small bdt-hidden-hover\" href=\"#\" bdt-slidenav-previous bdt-slideshow-item=\"previous\"><\/a>\n\t\t\t\t    \t\t<a class=\"bdt-position-center-right bdt-position-small bdt-hidden-hover\" href=\"#\" bdt-slidenav-next bdt-slideshow-item=\"next\"><\/a>\n\t\t\t\t\t\t\n\n\t\t\t\t\t\t\t\t\t\t\t\t\t<div class=\"bdt-dotnav-wrapper\">\n\t\t\t\t\t\t\t\t<ul class=\"bdt-dotnav bdt-flex-center\">\n\n\t\t\t\t\t\t\t\t    <li class=\"bdt-slideshow-dotnav bdt-active\" bdt-slideshow-item=\"0\"><a href=\"#\"><\/a><\/li><li class=\"bdt-slideshow-dotnav bdt-active\" bdt-slideshow-item=\"1\"><a href=\"#\"><\/a><\/li><li class=\"bdt-slideshow-dotnav bdt-active\" bdt-slideshow-item=\"2\"><a href=\"#\"><\/a><\/li><li class=\"bdt-slideshow-dotnav bdt-active\" bdt-slideshow-item=\"3\"><a href=\"#\"><\/a><\/li><li class=\"bdt-slideshow-dotnav bdt-active\" bdt-slideshow-item=\"4\"><a href=\"#\"><\/a><\/li><li class=\"bdt-slideshow-dotnav bdt-active\" bdt-slideshow-item=\"5\"><a href=\"#\"><\/a><\/li><li class=\"bdt-slideshow-dotnav bdt-active\" bdt-slideshow-item=\"6\"><a href=\"#\"><\/a><\/li><li class=\"bdt-slideshow-dotnav bdt-active\" bdt-slideshow-item=\"7\"><a href=\"#\"><\/a><\/li><li class=\"bdt-slideshow-dotnav bdt-active\" bdt-slideshow-item=\"8\"><a href=\"#\"><\/a><\/li><li class=\"bdt-slideshow-dotnav bdt-active\" bdt-slideshow-item=\"9\"><a href=\"#\"><\/a><\/li><li class=\"bdt-slideshow-dotnav bdt-active\" bdt-slideshow-item=\"10\"><a href=\"#\"><\/a><\/li><li class=\"bdt-slideshow-dotnav bdt-active\" bdt-slideshow-item=\"11\"><a href=\"#\"><\/a><\/li><li class=\"bdt-slideshow-dotnav bdt-active\" bdt-slideshow-item=\"12\"><a href=\"#\"><\/a><\/li>\t\t\t\t\t\t\t\t<\/ul>\n\t\t\t\t\t\t\t<\/div>\n\t\t\t\t\t\t\t\t\t\t\t<\/div>\n\t\t\t\t<\/div>\n\t\t\t\t<div class=\"bdt-device-slider-device\">\n\t\t\t\t\t<img src=\"https:\/\/kf.se\/arsredovisning2020\/wp-content\/plugins\/bdthemes-element-pack\/assets\/images\/devices\/galaxy.svg\" alt=\"Device Slider\">\n\t\t\t\t<\/div>\n\t\t\t<\/div>\n\t\t<\/div>\n\t\t\t\t<\/div>\n\t\t\t\t<\/div>\n\t\t\t\t\t\t<\/div>\n\t\t\t\t\t<\/div>\n\t\t<\/div>\n\t\t\t\t\t\t\t\t<\/div>\n\t\t\t\t\t<\/div>\n\t\t<\/section>\n\t\t\t\t\t\t<\/div>\n\t\t\t\t\t\t<\/div>\n\t\t\t\t\t<\/div>\n\t\t","protected":false},"excerpt":{"rendered":"<p>H\u00e4ng med n\u00e4r vi hoppar in i ett styrelsem\u00f6te i pandemins tid.<\/p>\n","protected":false},"author":1,"featured_media":6881,"comment_status":"open","ping_status":"open","sticky":false,"template":"elementor_header_footer","format":"standard","meta":[],"categories":[10],"tags":[],"_links":{"self":[{"href":"https:\/\/kf.se\/arsredovisning2020\/wp-json\/wp\/v2\/posts\/6867"}],"collection":[{"href":"https:\/\/kf.se\/arsredovisning2020\/wp-json\/wp\/v2\/posts"}],"about":[{"href":"https:\/\/kf.se\/arsredovisning2020\/wp-json\/wp\/v2\/types\/post"}],"author":[{"embeddable":true,"href":"https:\/\/kf.se\/arsredovisning2020\/wp-json\/wp\/v2\/users\/1"}],"replies":[{"embeddable":true,"href":"https:\/\/kf.se\/arsredovisning2020\/wp-json\/wp\/v2\/comments?post=6867"}],"version-history":[{"count":81,"href":"https:\/\/kf.se\/arsredovisning2020\/wp-json\/wp\/v2\/posts\/6867\/revisions"}],"predecessor-version":[{"id":8132,"href":"https:\/\/kf.se\/arsredovisning2020\/wp-json\/wp\/v2\/posts\/6867\/revisions\/8132"}],"wp:featuredmedia":[{"embeddable":true,"href":"https:\/\/kf.se\/arsredovisning2020\/wp-json\/wp\/v2\/media\/6881"}],"wp:attachment":[{"href":"https:\/\/kf.se\/arsredovisning2020\/wp-json\/wp\/v2\/media?parent=6867"}],"wp:term":[{"taxonomy":"category","embeddable":true,"href":"https:\/\/kf.se\/arsredovisning2020\/wp-json\/wp\/v2\/categories?post=6867"},{"taxonomy":"post_tag","embeddable":true,"href":"https:\/\/kf.se\/arsredovisning2020\/wp-json\/wp\/v2\/tags?post=6867"}],"curies":[{"name":"wp","href":"https:\/\/api.w.org\/{rel}","templated":true}]}}